{"id":58797,"date":"2018-03-08T23:04:42","date_gmt":"2018-03-09T02:04:42","guid":{"rendered":"http:\/\/pdt-rj.org.br\/?p=58797"},"modified":"2018-03-15T17:18:56","modified_gmt":"2018-03-15T20:18:56","slug":"pdt-lanca-pre-candidatura-de-ciro-gomes-a-presidencia-da-republica","status":"publish","type":"post","link":"https:\/\/pdt-rj.org.br\/index.php\/pdt-lanca-pre-candidatura-de-ciro-gomes-a-presidencia-da-republica\/","title":{"rendered":"PDT lan\u00e7a pr\u00e9-candidatura de Ciro Gomes \u00e0 Presid\u00eancia da Rep\u00fablica"},"content":{"rendered":"<p>\u201cA desigualdade no Brasil tem g\u00eanero e fere as mulheres!\u201d, essa foi uma das afirma\u00e7\u00f5es mais aplaudidas de Ciro Gomes no lan\u00e7amento de sua pr\u00e9-candidatura, na noite desta quinta-feira (8), Dia Internacional da Mulher. Realizado na sede nacional do PDT, em Bras\u00edlia, o ato reuniu as principais lideran\u00e7as do partido, dentre elas o presidente nacional, Carlos Lupi, e tamb\u00e9m oficializou a pr\u00e9-candidatura do deputado Joe Valle a governador do Distrito Federal.<\/p>\n<p>\u201cO Brasil precisa de um exemplo. O Brasil precisa de debate. Deixem o Brasil escolher o que \u00e9 melhor pelo exemplo, pela compet\u00eancia, pelo que sabe\u201d, clamou Lupi, reiterando que o povo deve escolher o pr\u00f3ximo presidente do Brasil ap\u00f3s avaliar o perfil dos candidatos por meio dos debates.<\/p>\n<p>\u201cEu quero fazer um desafio ao Brasil. Chamem o Ciro para debater. Debatam. Chamem o Ciro para ser confrontado. Saibam de suas ideias. O Brasil n\u00e3o pode ser governado por quem nunca governou se quer um botequim, um bar\u201d, declarou Lupi.<\/p>\n<p>Ao mencionar o alto \u00edndice de desemprego, que gerou um n\u00famero desproporcional de trabalhadores atuando na informalidade, e os \u00edndices cada vez mais alarmantes da viol\u00eancia por todo o Pa\u00eds, Ciro falou em mudan\u00e7as e a sua busca por solu\u00e7\u00f5es, junto \u00e0 popula\u00e7\u00e3o.<\/p>\n<p>\u201cN\u00e3o d\u00e1 para falar s\u00e9rio em educa\u00e7\u00e3o que emancipe, n\u00e3o d\u00e1 para falar s\u00e9rio em seguran\u00e7a que proteja e restaure a paz da fam\u00edlia brasileira sem ter compromisso s\u00e9rio para dizer de onde vem o dinheiro\u201d, alertou o presidenci\u00e1vel, informando que, em 2017, o Brasil registrou a menor quantidade de dinheiro gasto na agenda do povo, embora as contas de gastos do governo nesse per\u00edodo tenham sido contabilizadas em R$ 140 bilh\u00f5es.<\/p>\n<p>Disposto a ser o candidato de todos os brasileiros que se preocupam com o Pa\u00eds e querem mudan\u00e7as, Ciro afirmou que a meta principal de seu projeto nacional de desenvolvimento ser\u00e1 enfrentar as desigualdades sociais que, segundo ele, tem g\u00eanero, idade e cor, refletidos nos \u00edndices de assassinatos cometidos contra os p\u00fablicos feminino, jovem e negro.<\/p>\n<p>Para o pedetista, o n\u00famero de 12 mulheres assassinadas por dia no Brasil e o fato de elas ainda ganharem menos do que os homens, &#8220;\u00e0s vezes um ter\u00e7o a menos, pela mesma jornada de trabalho e pelo mesmo servi\u00e7o&#8221;, demonstram a cultura machista que ainda impera na cultura brasileira que deve ser combatido.<\/p>\n<p>\u201cA gente tem de aprender n\u00e3o s\u00f3 n\u00e3o ser machista, a gente precisa aprender a n\u00e3o reproduzir a cultura machista, n\u00e3o achar gra\u00e7a de piadinha\u201d, considerou. Ele afirmou que, a exemplo do que executou no Cear\u00e1, na prefeitura e no governo do estado, promover\u00e1 o empoderamento feminino.<\/p>\n<p><strong>Distrito Federal<\/strong><\/p>\n<p>Com seu nome tamb\u00e9m lan\u00e7ado como pr\u00e9 candidato ia Governador do DF, Joe Valle \u2013 atual presidente da C\u00e2mara Legislativa do DF \u2013 tamb\u00e9m destacou a import\u00e2ncia de se promover o empoderamento da mulher e\u00a0 valorizar o seu potencial profissional. O pr\u00e9-candidato ao governo afirmou que o\u00a0primeiro compromisso de sua gest\u00e3o ser\u00e1 na composi\u00e7\u00e3o das Secretarias, com, no m\u00ednimo, 50% de mulheres.<\/p>\n<p>Quanto ao futuro pol\u00edtico do Pa\u00eds e a candidatura de Ciro, de acordo com Joe Valle, Bras\u00edlia tem um papel fundamental no atual momento da democracia brasileira e, por isso, precisa ser a grande locomotiva da intelig\u00eancia do Pa\u00eds.<\/p>\n<p>\u201cPor isso quero me comprometer com todos. Quero me colocar \u00e0 disposi\u00e7\u00e3o de todos voc\u00eas para fazer um trabalho na dire\u00e7\u00e3o da boa pol\u00edtica, na dire\u00e7\u00e3o da boa lideran\u00e7a. Na entrega e na dire\u00e7\u00e3o daquilo que as pessoas esperam que exista no processo pol\u00edtico\u201d, disse Joe Valle.<\/p>\n<!-- AddThis Advanced Settings generic via filter on the_content --><!-- AddThis Share Buttons generic via filter on the_content -->","protected":false},"excerpt":{"rendered":"<p>\u201cA desigualdade no Brasil tem g\u00eanero e fere as mulheres!\u201d, essa foi uma das afirma\u00e7\u00f5es mais aplaudidas de Ciro Gomes no lan\u00e7amento de sua pr\u00e9-candidatura, na noite desta quinta-feira (8), Dia Internacional da Mulher. Realizado na sede nacional do PDT, em Bras\u00edlia, o ato reuniu as principais lideran\u00e7as do partido, dentre elas o presidente nacional,&#8230;<!-- AddThis Advanced Settings generic via filter on wp_trim_excerpt --><!-- AddThis Share Buttons generic via filter on wp_trim_excerpt --><\/p>\n","protected":false},"author":17,"featured_media":58798,"comment_status":"closed","ping_status":"closed","sticky":false,"template":"","format":"standard","meta":{"_monsterinsights_skip_tracking":false,"_monsterinsights_sitenote_active":false,"_monsterinsights_sitenote_note":"","_monsterinsights_sitenote_category":0,"_uf_show_specific_survey":0,"_uf_disable_surveys":false,"footnotes":""},"categories":[1390,975],"tags":[196,220,1109,38],"class_list":["post-58797","post","type-post","status-publish","format-standard","has-post-thumbnail","hentry","category-editorias","category-manchete","tag-carlos-lupi","tag-ciro-gomes","tag-joe-valle","tag-pdt"],"acf":[],"_links":{"self":[{"href":"https:\/\/pdt-rj.org.br\/index.php\/wp-json\/wp\/v2\/posts\/58797","targetHints":{"allow":["GET"]}}],"collection":[{"href":"https:\/\/pdt-rj.org.br\/index.php\/wp-json\/wp\/v2\/posts"}],"about":[{"href":"https:\/\/pdt-rj.org.br\/index.php\/wp-json\/wp\/v2\/types\/post"}],"author":[{"embeddable":true,"href":"https:\/\/pdt-rj.org.br\/index.php\/wp-json\/wp\/v2\/users\/17"}],"replies":[{"embeddable":true,"href":"https:\/\/pdt-rj.org.br\/index.php\/wp-json\/wp\/v2\/comments?post=58797"}],"version-history":[{"count":17,"href":"https:\/\/pdt-rj.org.br\/index.php\/wp-json\/wp\/v2\/posts\/58797\/revisions"}],"predecessor-version":[{"id":58918,"href":"https:\/\/pdt-rj.org.br\/index.php\/wp-json\/wp\/v2\/posts\/58797\/revisions\/58918"}],"wp:featuredmedia":[{"embeddable":true,"href":"https:\/\/pdt-rj.org.br\/index.php\/wp-json\/wp\/v2\/media\/58798"}],"wp:attachment":[{"href":"https:\/\/pdt-rj.org.br\/index.php\/wp-json\/wp\/v2\/media?parent=58797"}],"wp:term":[{"taxonomy":"category","embeddable":true,"href":"https:\/\/pdt-rj.org.br\/index.php\/wp-json\/wp\/v2\/categories?post=58797"},{"taxonomy":"post_tag","embeddable":true,"href":"https:\/\/pdt-rj.org.br\/index.php\/wp-json\/wp\/v2\/tags?post=58797"}],"curies":[{"name":"wp","href":"https:\/\/api.w.org\/{rel}","templated":true}]}}