{"id":58768,"date":"2018-03-07T12:19:00","date_gmt":"2018-03-07T15:19:00","guid":{"rendered":"http:\/\/pdt-rj.org.br\/?p=58768"},"modified":"2018-04-30T01:11:53","modified_gmt":"2018-04-30T04:11:53","slug":"executiva-ampliada-do-pdt-se-reune-em-brasilia-nesta-quinta-8","status":"publish","type":"post","link":"https:\/\/pdt-rj.org.br\/index.php\/executiva-ampliada-do-pdt-se-reune-em-brasilia-nesta-quinta-8\/","title":{"rendered":"Executiva Ampliada do PDT se re\u00fane em Bras\u00edlia nesta quinta (8)"},"content":{"rendered":"<p>A Executiva Ampliada do PDT se re\u00fane nesta quinta-feira, 8 de mar\u00e7o, na sede nacional do partido, em Bras\u00edlia, para discutir rumos e prov\u00e1veis nomes que disputar\u00e3o as elei\u00e7\u00f5es de outubro. No encontro, o nome de Ciro Gomes ser\u00e1 confirmado como pr\u00e9-candidato \u00e0 presid\u00eancia da Rep\u00fablica pelo PDT. \u00c0s 18 horas, um grande ato marcar\u00e1 o Dia Internacional da Mulher, tamb\u00e9m na sede nacional do partido. Joe Valle, atual presidente da C\u00e2mara Legislativa do Distrito Federal tamb\u00e9m ter\u00e1 seu nome lan\u00e7ado como pr\u00e9 candidato a Governador do DF.<\/p>\n<p>De acordo com o presidente nacional do PDT, Carlos Lupi, a reuni\u00e3o desta quinta ser\u00e1 uma grande demonstra\u00e7\u00e3o de unidade e ir\u00e1 confirmar a candidatura pr\u00f3pria do partido \u00e0 presid\u00eancia da Rep\u00fablica. Desde 2006, partido n\u00e3o disputa o cargo.<\/p>\n<p>\u201cTrabalhamos pesado neste \u00faltimo ano, percorrendo todos os estados brasileiros. Ouvimos nossa base, discutimos o futuro do pa\u00eds e chegou a hora de mostrar nossa cara para as elei\u00e7\u00f5es de 2018. Vamos disputar cargos majorit\u00e1rios em quase todos os estados \u2013 e no Distrito Federal \u2013 e confirmaremos o nome de Ciro para nos representar na corrida ao Pal\u00e1cio do Planalto\u201d, afirmou Lupi.<\/p>\n<p>O presidente do PDT informou que tem conversando com as demais for\u00e7as progressistas do pa\u00eds e que, em breve, um cen\u00e1rio mais concreto ser\u00e1 validado.<\/p>\n<p>\u201c\u00c9 hora de conversar, reunir quem pensa como a gente, apresentar o nome de Ciro e suas propostas para o Brasil. Acredito que temos o melhor projeto e o nome mais preparado para conseguir tirar o pa\u00eds da estagna\u00e7\u00e3o e destas medidas retr\u00f3gradas que temos acompanhando com o ileg\u00edtimo governo de Temer. Ciro \u00e9 um homem \u00edntegro, competente e n\u00e3o tem seu nome sequer mencionado na vala comum que atinge a pol\u00edtica brasileira, com casos de corrup\u00e7\u00e3o por todos os lados\u201d, disse Lupi.<\/p>\n<p>A Executiva Ampliada ir\u00e1 se reunir a partir das 14 horas na sede nacional do partido, em Bras\u00edlia. Logo ap\u00f3s o encontro, \u00e0s 18 horas, um grande ato ir\u00e1 marcar o Dia Internacional da Mulher. O evento vai servir tamb\u00e9m para reinaugurar o audit\u00f3rio do PDT, que manter\u00e1 o nome de Neuza Goulart Brizola \u2013 esposa de Brizola e irm\u00e3 do ex-presidente Jo\u00e3o Goulart, o Jango.<\/p>\n<p><strong>PDT disputa majorit\u00e1ria em v\u00e1rios estados<\/strong><\/p>\n<p>At\u00e9 o momento, o PDT j\u00e1 conta com 11 candidatos a governador, dentre eles, \u00a0Jairo Jorge (Rio Grande do Sul), Osmar Dias (Paran\u00e1), S\u00e9rgio Vidigal (Esp\u00edrito Santo), Joe Valle (Distrito Federal), \u00a0Acir Gurgacz (Rond\u00f4nia) e Odilon de Oliveira (Mato Grosso do Sul). Outros nomes em fase de confirma\u00e7\u00e3o\u00a0 para concorrer ao governo de seus respectivos estados s\u00e3o: Ronaldo Lessa (Alagoas) e Carlos Eduardo Alves (Rio Grande do Norte).<\/p>\n<p>Para o Senado, o PDT entrar\u00e1 forte na disputa com o ex-governador Cid Gomes e o atual l\u00edder do PDT na C\u00e2mara dos Deputados, Andr\u00e9 Figueiredo, ambos do Cear\u00e1; com Weverton Rocha pelo Maranh\u00e3o, e com \u00c2ngela Portela, que disputar\u00e1 a reelei\u00e7\u00e3o pelo estado de Roraima.<\/p>\n<!-- AddThis Advanced Settings generic via filter on the_content --><!-- AddThis Share Buttons generic via filter on the_content -->","protected":false},"excerpt":{"rendered":"<p>A Executiva Ampliada do PDT se re\u00fane nesta quinta-feira, 8 de mar\u00e7o, na sede nacional do partido, em Bras\u00edlia, para discutir rumos e prov\u00e1veis nomes que disputar\u00e3o as elei\u00e7\u00f5es de outubro. No encontro, o nome de Ciro Gomes ser\u00e1 confirmado como pr\u00e9-candidato \u00e0 presid\u00eancia da Rep\u00fablica pelo PDT. \u00c0s 18 horas, um grande ato marcar\u00e1&#8230;<!-- AddThis Advanced Settings generic via filter on wp_trim_excerpt --><!-- AddThis Share Buttons generic via filter on wp_trim_excerpt --><\/p>\n","protected":false},"author":17,"featured_media":55299,"comment_status":"closed","ping_status":"closed","sticky":false,"template":"","format":"standard","meta":{"_monsterinsights_skip_tracking":false,"_monsterinsights_sitenote_active":false,"_monsterinsights_sitenote_note":"","_monsterinsights_sitenote_category":0,"_uf_show_specific_survey":0,"_uf_disable_surveys":false,"footnotes":""},"categories":[1390,975],"tags":[196,220,1109,2652,38,873],"class_list":["post-58768","post","type-post","status-publish","format-standard","has-post-thumbnail","hentry","category-editorias","category-manchete","tag-carlos-lupi","tag-ciro-gomes","tag-joe-valle","tag-odilon-de-oliveira","tag-pdt","tag-sergio-vidigal"],"acf":[],"_links":{"self":[{"href":"https:\/\/pdt-rj.org.br\/index.php\/wp-json\/wp\/v2\/posts\/58768","targetHints":{"allow":["GET"]}}],"collection":[{"href":"https:\/\/pdt-rj.org.br\/index.php\/wp-json\/wp\/v2\/posts"}],"about":[{"href":"https:\/\/pdt-rj.org.br\/index.php\/wp-json\/wp\/v2\/types\/post"}],"author":[{"embeddable":true,"href":"https:\/\/pdt-rj.org.br\/index.php\/wp-json\/wp\/v2\/users\/17"}],"replies":[{"embeddable":true,"href":"https:\/\/pdt-rj.org.br\/index.php\/wp-json\/wp\/v2\/comments?post=58768"}],"version-history":[{"count":9,"href":"https:\/\/pdt-rj.org.br\/index.php\/wp-json\/wp\/v2\/posts\/58768\/revisions"}],"predecessor-version":[{"id":59413,"href":"https:\/\/pdt-rj.org.br\/index.php\/wp-json\/wp\/v2\/posts\/58768\/revisions\/59413"}],"wp:featuredmedia":[{"embeddable":true,"href":"https:\/\/pdt-rj.org.br\/index.php\/wp-json\/wp\/v2\/media\/55299"}],"wp:attachment":[{"href":"https:\/\/pdt-rj.org.br\/index.php\/wp-json\/wp\/v2\/media?parent=58768"}],"wp:term":[{"taxonomy":"category","embeddable":true,"href":"https:\/\/pdt-rj.org.br\/index.php\/wp-json\/wp\/v2\/categories?post=58768"},{"taxonomy":"post_tag","embeddable":true,"href":"https:\/\/pdt-rj.org.br\/index.php\/wp-json\/wp\/v2\/tags?post=58768"}],"curies":[{"name":"wp","href":"https:\/\/api.w.org\/{rel}","templated":true}]}}