{"id":58692,"date":"2018-03-01T16:29:38","date_gmt":"2018-03-01T19:29:38","guid":{"rendered":"http:\/\/pdt-rj.org.br\/?p=58692"},"modified":"2018-03-12T17:39:30","modified_gmt":"2018-03-12T20:39:30","slug":"joao-belchior-marques-goulart-ou-simplesmente-jango","status":"publish","type":"post","link":"https:\/\/pdt-rj.org.br\/index.php\/joao-belchior-marques-goulart-ou-simplesmente-jango\/","title":{"rendered":"Jo\u00e3o Belchior Marques Goulart ou, simplesmente Jango"},"content":{"rendered":"<p>Um povo sem mem\u00f3ria \u00e9 um povo sem hist\u00f3ria. E um povo sem hist\u00f3ria est\u00e1 fadado a cometer, no presente e no futuro, os mesmos erros.<\/p>\n<p>A hist\u00f3ria do Brasil, especialmente a partir de 1930, com a ascens\u00e3o de Get\u00falio Vargas, \u00e9 a hist\u00f3ria da luta pela industrializa\u00e7\u00e3o do Pa\u00eds. Ou a hist\u00f3ria da luta de classes sociais que se confrontam na inst\u00e2ncia pol\u00edtica pelo comando da estrutura do Estado, em situa\u00e7\u00e3o permanente de conspira\u00e7\u00f5es ou, quando conseguem a estabiliza\u00e7\u00e3o pol\u00edtica, acontece pela coopera\u00e7\u00e3o entre as classes e grupos sociais que formam as rela\u00e7\u00f5es econ\u00f4micas do Pa\u00eds. Nesses termos, \u00e9 que a pol\u00edtica \u00e9 a economia condensada.<\/p>\n<p>Imanente a este processo, a presen\u00e7a da contradi\u00e7\u00e3o entre a burguesia brasileira urbana industrial, que nasce do processo de industrializa\u00e7\u00e3o, e os trabalhadores emergentes, que acontece esse confronto permanente sob o comando do capital estrangeiro. Capital este oriundo do capitalismo ingl\u00eas e estadunidense que se reservam a primazia da produ\u00e7\u00e3o de bens de capital, o conhecimento, a tecnologia e o sistema financeiro, como condi\u00e7\u00e3o de seu papel na divis\u00e3o internacional do trabalho a fim de manter os pa\u00edses perif\u00e9ricos subdesenvolvidos.<\/p>\n<p>Quando se aborda o per\u00edodo do governo de Jo\u00e3o Goulart (1961-1964) diante desses pa\u00edses que se consideram a \u201coficina do mundo\u201d no dizer de Marx, \u00e9 preciso entender a rela\u00e7\u00e3o de depend\u00eancia estrutural de pa\u00edses como o Brasil e sua inser\u00e7\u00e3o na divis\u00e3o internacional do trabalho.<\/p>\n<p>Jo\u00e3o Goulart consciente dessa realidade e por n\u00e3o ser um pol\u00edtico vulgar, aprofunda a chamada pol\u00edtica das Reformas de Base atrav\u00e9s do Plano Trienal, elaborado por seu ministro e um dos intelectuais mais importantes do pensamento da economia pol\u00edtica Celso Furtado.<\/p>\n<p>Com este Plano Trienal se pretendia dar continuidade ao projeto nacional desenvolvimentista, iniciado no governo Vargas, dentro dos marcos do sistema capitalista, utilizando o processo de substitui\u00e7\u00e3o de importa\u00e7\u00f5es, principalmente no setor de bens de capital, para garantir a soberania no controle da riqueza produzida pelo povo brasileiro.<\/p>\n<p>Por isso, o presidente Jo\u00e3o Goulart ou, simplesmente Jango, era t\u00e3o popular junto ao povo brasileiro.<\/p>\n<p>Em seu discurso, por exemplo, na ONU em 1962, disse: \u201cPoderemos estimular investimentos de capital estrangeiro, se dermos a este mesmo capital uma compensa\u00e7\u00e3o justa. Quando falo justa, \u00e9 exatamente para expressar o pensamento do pa\u00eds de justi\u00e7a que n\u00e3o pode ser tamb\u00e9m, obter lucros excessivos, lucros que enrique\u00e7a muito depressa em detrimento do interesse nacional ou a custa do empobrecimento do Pa\u00eds.\u201d.<\/p>\n<p>Este foi o motivo da conspira\u00e7\u00e3o que se armou contra o governo de Jango. E seu governo caiu por n\u00e3o ser um governo vulgar, submisso e pusil\u00e2nime na defesa dos interesses nacionais.<\/p>\n<p>O seu passado \u00e9 a hist\u00f3ria do que n\u00e3o existe mais na pol\u00edtica brasileira atual. Defendia pol\u00edtica e administrativamente o povo brasileiro e, mesmo num contexto da Guerra Fria (1945-1991), da Guerra do Vietn\u00e3 (1955-1975) e a revolu\u00e7\u00e3o cubana (1959) que atravessaram o per\u00edodo conturbado de seu governo, Jo\u00e3o Goulart (1964-1976) preferiu a paz e o ex\u00edlio a causar a morte de milh\u00f5es de brasileiros.<\/p>\n<p>Ao longo do per\u00edodo do regime militar e nos governos que sucederam o presidente Jo\u00e3o Goulart, desde a transi\u00e7\u00e3o com Tancredo Neves (1985), Jos\u00e9 Sarney (1985-1990), Fernando Collor (1990-1992), Itamar Franco (1992-1995), Fernando Henrique Cardoso (1995-2003), Luis In\u00e1cio Lula da Silva (2003-2011), Dilma Roussef (2011-2016) e Michel Temer (2016-2018), nenhum teve sua grandeza e coragem para romper com a pol\u00edtica vulgar, rotina dos pol\u00edticos de hoje.<\/p>\n<p>Os problemas levantados no governo Jango com as reformas de base \u2013 como a lei de remessa de lucros, a reforma banc\u00e1ria, a reforma urbana, reforma educacional e a reforma agr\u00e1ria \u2013 continua a desafiar os problemas que perpetuam a condi\u00e7\u00e3o de Pa\u00eds subdesenvolvido. O Brasil continua um pa\u00eds com sua estrutura social desigual, injusta e com a riqueza nacional concentrada nas m\u00e3os de poucas fam\u00edlias olig\u00e1rquicas e colonizadas pelo capital internacional que excita o fetiche do consumismo e o amesquinhamento da educa\u00e7\u00e3o.<\/p>\n<p>&nbsp;<\/p>\n<p><em>*<strong>Carlos Michiles, Ph.D em ci\u00eancias pol\u00edticas e fundador do PDT.<\/strong><\/em><\/p>\n<!-- AddThis Advanced Settings generic via filter on the_content --><!-- AddThis Share Buttons generic via filter on the_content -->","protected":false},"excerpt":{"rendered":"<p>Um povo sem mem\u00f3ria \u00e9 um povo sem hist\u00f3ria. E um povo sem hist\u00f3ria est\u00e1 fadado a cometer, no presente e no futuro, os mesmos erros. A hist\u00f3ria do Brasil, especialmente a partir de 1930, com a ascens\u00e3o de Get\u00falio Vargas, \u00e9 a hist\u00f3ria da luta pela industrializa\u00e7\u00e3o do Pa\u00eds. Ou a hist\u00f3ria da luta&#8230;<!-- AddThis Advanced Settings generic via filter on wp_trim_excerpt --><!-- AddThis Share Buttons generic via filter on wp_trim_excerpt --><\/p>\n","protected":false},"author":17,"featured_media":58693,"comment_status":"closed","ping_status":"closed","sticky":false,"template":"","format":"standard","meta":{"_monsterinsights_skip_tracking":false,"_monsterinsights_sitenote_active":false,"_monsterinsights_sitenote_note":"","_monsterinsights_sitenote_category":0,"_uf_show_specific_survey":0,"_uf_disable_surveys":false,"footnotes":""},"categories":[1584,1390,1401],"tags":[2579,514],"class_list":["post-58692","post","type-post","status-publish","format-standard","has-post-thumbnail","hentry","category-artigos","category-editorias","category-nacional","tag-carlos-michiles","tag-joao-goulart"],"acf":[],"_links":{"self":[{"href":"https:\/\/pdt-rj.org.br\/index.php\/wp-json\/wp\/v2\/posts\/58692","targetHints":{"allow":["GET"]}}],"collection":[{"href":"https:\/\/pdt-rj.org.br\/index.php\/wp-json\/wp\/v2\/posts"}],"about":[{"href":"https:\/\/pdt-rj.org.br\/index.php\/wp-json\/wp\/v2\/types\/post"}],"author":[{"embeddable":true,"href":"https:\/\/pdt-rj.org.br\/index.php\/wp-json\/wp\/v2\/users\/17"}],"replies":[{"embeddable":true,"href":"https:\/\/pdt-rj.org.br\/index.php\/wp-json\/wp\/v2\/comments?post=58692"}],"version-history":[{"count":4,"href":"https:\/\/pdt-rj.org.br\/index.php\/wp-json\/wp\/v2\/posts\/58692\/revisions"}],"predecessor-version":[{"id":58829,"href":"https:\/\/pdt-rj.org.br\/index.php\/wp-json\/wp\/v2\/posts\/58692\/revisions\/58829"}],"wp:featuredmedia":[{"embeddable":true,"href":"https:\/\/pdt-rj.org.br\/index.php\/wp-json\/wp\/v2\/media\/58693"}],"wp:attachment":[{"href":"https:\/\/pdt-rj.org.br\/index.php\/wp-json\/wp\/v2\/media?parent=58692"}],"wp:term":[{"taxonomy":"category","embeddable":true,"href":"https:\/\/pdt-rj.org.br\/index.php\/wp-json\/wp\/v2\/categories?post=58692"},{"taxonomy":"post_tag","embeddable":true,"href":"https:\/\/pdt-rj.org.br\/index.php\/wp-json\/wp\/v2\/tags?post=58692"}],"curies":[{"name":"wp","href":"https:\/\/api.w.org\/{rel}","templated":true}]}}