{"id":58681,"date":"2018-02-28T20:31:42","date_gmt":"2018-02-28T23:31:42","guid":{"rendered":"http:\/\/pdt-rj.org.br\/?p=58681"},"modified":"2018-02-28T20:34:40","modified_gmt":"2018-02-28T23:34:40","slug":"frente-favela-brasil-valoriza-projeto-nacionalista-do-pdt","status":"publish","type":"post","link":"https:\/\/pdt-rj.org.br\/index.php\/frente-favela-brasil-valoriza-projeto-nacionalista-do-pdt\/","title":{"rendered":"Frente Favela Brasil valoriza projeto nacionalista do PDT, em Bras\u00edlia"},"content":{"rendered":"<p>O presidente do Movimento Cultural Darcy Ribeiro, Roberto Vianna, se reuniu na tarde desta quarta-feira (28) com o presidente da Frente Favela Brasil (FBB), D\u00e9rson Maia. O encontro aconteceu na sede nacional do PDT, em Bras\u00edlia, e na pauta, foram discutidos o momento pol\u00edtico brasileiro e as a\u00e7\u00f5es futuras entre a FBB e a Funda\u00e7\u00e3o Leonel Brizola &#8211; Alberto Pasqualini.<\/p>\n<p>Para Vianna, o encontro demonstrou sinergia entre as agendas das institui\u00e7\u00f5es, uma vez que a defesa dos menos favorecidos \u00e9 o principal ponto de converg\u00eancia entre PDT e FBB.<\/p>\n<p>\u201cA defesa da dignidade dos moradores das favelas do Brasil sempre foi bandeira do PDT. Brizola quando foi governador \u2013 tanto do Rio de Janeiro, quanto do Rio Grande do Sul \u2013 marcou suas administra\u00e7\u00f5es pelas constru\u00e7\u00f5es de escolas p\u00fablicas de qualidade dentro dos lugares esquecidos pelas elites. Sempre defendeu a dignidade de quem morava em favela, pregando respeito \u00e0 eles assim como se respeitam as elites\u201d, relembrou Vianna.<\/p>\n<p>Falando sobre o trabalho da FBB, Derson relembrou que &#8220;a favela \u00e9 identidade da nossa na\u00e7\u00e3o, ela \u00e9 t\u00e3o plural como nosso pa\u00eds todo. O Brasil todo tem favela\u201d.<\/p>\n<p>Derson tamb\u00e9m foi recebido pelo presidente nacional do PDT, Carlos Lupi, que, na oportunidade, ofereceu o trabalho desenvolvido pelo partido e pela Funda\u00e7\u00e3o para amplificar esfor\u00e7os.<\/p>\n<!-- AddThis Advanced Settings generic via filter on the_content --><!-- AddThis Share Buttons generic via filter on the_content -->","protected":false},"excerpt":{"rendered":"<p>O presidente do Movimento Cultural Darcy Ribeiro, Roberto Vianna, se reuniu na tarde desta quarta-feira (28) com o presidente da Frente Favela Brasil (FBB), D\u00e9rson Maia. O encontro aconteceu na sede nacional do PDT, em Bras\u00edlia, e na pauta, foram discutidos o momento pol\u00edtico brasileiro e as a\u00e7\u00f5es futuras entre a FBB e a Funda\u00e7\u00e3o&#8230;<!-- AddThis Advanced Settings generic via filter on wp_trim_excerpt --><!-- AddThis Share Buttons generic via filter on wp_trim_excerpt --><\/p>\n","protected":false},"author":17,"featured_media":58682,"comment_status":"closed","ping_status":"closed","sticky":false,"template":"","format":"standard","meta":{"_monsterinsights_skip_tracking":false,"_monsterinsights_sitenote_active":false,"_monsterinsights_sitenote_note":"","_monsterinsights_sitenote_category":0,"_uf_show_specific_survey":0,"_uf_disable_surveys":false,"footnotes":""},"categories":[1390,2606,1397],"tags":[2824,426],"class_list":["post-58681","post","type-post","status-publish","format-standard","has-post-thumbnail","hentry","category-editorias","category-movimento-cultural-darcy-ribeiro","category-movimentos","tag-frente-favela-brasil","tag-fundacao-leonel-brizola-alberto-pasqualini"],"acf":[],"_links":{"self":[{"href":"https:\/\/pdt-rj.org.br\/index.php\/wp-json\/wp\/v2\/posts\/58681","targetHints":{"allow":["GET"]}}],"collection":[{"href":"https:\/\/pdt-rj.org.br\/index.php\/wp-json\/wp\/v2\/posts"}],"about":[{"href":"https:\/\/pdt-rj.org.br\/index.php\/wp-json\/wp\/v2\/types\/post"}],"author":[{"embeddable":true,"href":"https:\/\/pdt-rj.org.br\/index.php\/wp-json\/wp\/v2\/users\/17"}],"replies":[{"embeddable":true,"href":"https:\/\/pdt-rj.org.br\/index.php\/wp-json\/wp\/v2\/comments?post=58681"}],"version-history":[{"count":5,"href":"https:\/\/pdt-rj.org.br\/index.php\/wp-json\/wp\/v2\/posts\/58681\/revisions"}],"predecessor-version":[{"id":58687,"href":"https:\/\/pdt-rj.org.br\/index.php\/wp-json\/wp\/v2\/posts\/58681\/revisions\/58687"}],"wp:featuredmedia":[{"embeddable":true,"href":"https:\/\/pdt-rj.org.br\/index.php\/wp-json\/wp\/v2\/media\/58682"}],"wp:attachment":[{"href":"https:\/\/pdt-rj.org.br\/index.php\/wp-json\/wp\/v2\/media?parent=58681"}],"wp:term":[{"taxonomy":"category","embeddable":true,"href":"https:\/\/pdt-rj.org.br\/index.php\/wp-json\/wp\/v2\/categories?post=58681"},{"taxonomy":"post_tag","embeddable":true,"href":"https:\/\/pdt-rj.org.br\/index.php\/wp-json\/wp\/v2\/tags?post=58681"}],"curies":[{"name":"wp","href":"https:\/\/api.w.org\/{rel}","templated":true}]}}