{"id":58605,"date":"2018-02-22T15:50:44","date_gmt":"2018-02-22T18:50:44","guid":{"rendered":"http:\/\/pdt-rj.org.br\/?p=58605"},"modified":"2018-02-22T15:51:38","modified_gmt":"2018-02-22T18:51:38","slug":"angela-portela-cobra-medidas-urgentes-para-resolver-crise-migratoria","status":"publish","type":"post","link":"https:\/\/pdt-rj.org.br\/index.php\/angela-portela-cobra-medidas-urgentes-para-resolver-crise-migratoria\/","title":{"rendered":"\u00c2ngela Portela cobra medidas \u201curgentes\u201d para resolver crise migrat\u00f3ria"},"content":{"rendered":"<p>A senadora \u00c2ngela Portela (PDT-RO) cobrou do Governo Federal \u201csolu\u00e7\u00f5es mais urgentes\u201d para resolver a crise migrat\u00f3ria do estado. Em discurso na tribuna do Senado, \u00c2ngela lembrou que, de acordo com a Constitui\u00e7\u00e3o, crises internacionais e de fronteiras s\u00e3o responsabilidade federal.<\/p>\n<p>\u201cApenas a Uni\u00e3o pode legislar sobre imigra\u00e7\u00e3o e emigra\u00e7\u00e3o, entrada, extradi\u00e7\u00e3o e expuls\u00e3o de estrangeiros. Imp\u00f5e-se, portanto, que se tomem medidas urgentes para socorrer Roraima. \u00c9 fundamental. \u00c9 urgente\u201d, afirmou.<\/p>\n<p>Segundo a senadora, o pacote de medidas anunciado na semana passada pelo presidente Michel Temer, depois de uma r\u00e1pida visita \u00e0 Boa Vista, \u201cdeixa d\u00favidas\u201d. \u201cNada h\u00e1 de preciso nas medidas mais importantes. N\u00e3o se sabe sequer o volume de recursos envolvidos. Ficou a sensa\u00e7\u00e3o de que a parcela substancial da medida provis\u00f3ria se resume a a\u00e7\u00f5es j\u00e1 previstas pela legisla\u00e7\u00e3o, em especial a Lei de Migra\u00e7\u00e3o\u201d, afirmou no discurso.<\/p>\n<p>\u00c2ngela lembrou que em 2016 o Governo do estado havia pedido, em videoconfer\u00eancia com Temer, a instala\u00e7\u00e3o de uma barreira sanit\u00e1ria em Roraima. O compromisso nunca foi cumprido. Na opini\u00e3o da senadora, isso poderia ter evitado o risco de uma epidemia de sarampo. O diagn\u00f3stico da doen\u00e7a em uma crian\u00e7a venezuelana levou \u00e0 imuniza\u00e7\u00e3o de centenas de imigrantes nos \u00faltimos dias, para evitar o cont\u00e1gio da popula\u00e7\u00e3o roraimense.<\/p>\n<p>A senadora acrescentou que, al\u00e9m do impacto na sa\u00fade e na educa\u00e7\u00e3o, o fluxo migrat\u00f3rio aumentou o n\u00famero de ocorr\u00eancias policiais: \u201c\u00c9 indispens\u00e1vel que se forne\u00e7a a Roraima um refor\u00e7o \u00e0 seguran\u00e7a p\u00fablica. N\u00e3o se pode conviver com a atual condi\u00e7\u00e3o de incerteza, tanto para os roraimenses quanto para os venezuelanos.\u201d<\/p>\n<!-- AddThis Advanced Settings generic via filter on the_content --><!-- AddThis Share Buttons generic via filter on the_content -->","protected":false},"excerpt":{"rendered":"<p>A senadora \u00c2ngela Portela (PDT-RO) cobrou do Governo Federal \u201csolu\u00e7\u00f5es mais urgentes\u201d para resolver a crise migrat\u00f3ria do estado. Em discurso na tribuna do Senado, \u00c2ngela lembrou que, de acordo com a Constitui\u00e7\u00e3o, crises internacionais e de fronteiras s\u00e3o responsabilidade federal. \u201cApenas a Uni\u00e3o pode legislar sobre imigra\u00e7\u00e3o e emigra\u00e7\u00e3o, entrada, extradi\u00e7\u00e3o e expuls\u00e3o de&#8230;<!-- AddThis Advanced Settings generic via filter on wp_trim_excerpt --><!-- AddThis Share Buttons generic via filter on wp_trim_excerpt --><\/p>\n","protected":false},"author":17,"featured_media":58606,"comment_status":"closed","ping_status":"closed","sticky":false,"template":"","format":"standard","meta":{"_monsterinsights_skip_tracking":false,"_monsterinsights_sitenote_active":false,"_monsterinsights_sitenote_note":"","_monsterinsights_sitenote_category":0,"_uf_show_specific_survey":0,"_uf_disable_surveys":false,"footnotes":""},"categories":[1390,1459],"tags":[2155,2816,2817,38],"class_list":["post-58605","post","type-post","status-publish","format-standard","has-post-thumbnail","hentry","category-editorias","category-congresso","tag-angela-portela","tag-crise-migratoria","tag-governo-federal","tag-pdt"],"acf":[],"_links":{"self":[{"href":"https:\/\/pdt-rj.org.br\/index.php\/wp-json\/wp\/v2\/posts\/58605","targetHints":{"allow":["GET"]}}],"collection":[{"href":"https:\/\/pdt-rj.org.br\/index.php\/wp-json\/wp\/v2\/posts"}],"about":[{"href":"https:\/\/pdt-rj.org.br\/index.php\/wp-json\/wp\/v2\/types\/post"}],"author":[{"embeddable":true,"href":"https:\/\/pdt-rj.org.br\/index.php\/wp-json\/wp\/v2\/users\/17"}],"replies":[{"embeddable":true,"href":"https:\/\/pdt-rj.org.br\/index.php\/wp-json\/wp\/v2\/comments?post=58605"}],"version-history":[{"count":4,"href":"https:\/\/pdt-rj.org.br\/index.php\/wp-json\/wp\/v2\/posts\/58605\/revisions"}],"predecessor-version":[{"id":58610,"href":"https:\/\/pdt-rj.org.br\/index.php\/wp-json\/wp\/v2\/posts\/58605\/revisions\/58610"}],"wp:featuredmedia":[{"embeddable":true,"href":"https:\/\/pdt-rj.org.br\/index.php\/wp-json\/wp\/v2\/media\/58606"}],"wp:attachment":[{"href":"https:\/\/pdt-rj.org.br\/index.php\/wp-json\/wp\/v2\/media?parent=58605"}],"wp:term":[{"taxonomy":"category","embeddable":true,"href":"https:\/\/pdt-rj.org.br\/index.php\/wp-json\/wp\/v2\/categories?post=58605"},{"taxonomy":"post_tag","embeddable":true,"href":"https:\/\/pdt-rj.org.br\/index.php\/wp-json\/wp\/v2\/tags?post=58605"}],"curies":[{"name":"wp","href":"https:\/\/api.w.org\/{rel}","templated":true}]}}