{"id":58523,"date":"2018-02-07T19:53:57","date_gmt":"2018-02-07T21:53:57","guid":{"rendered":"http:\/\/pdt-rj.org.br\/?p=58523"},"modified":"2018-02-16T00:03:13","modified_gmt":"2018-02-16T02:03:13","slug":"partidos-de-oposicao-definem-estrategias-contra-reforma-da-previdencia","status":"publish","type":"post","link":"https:\/\/pdt-rj.org.br\/index.php\/partidos-de-oposicao-definem-estrategias-contra-reforma-da-previdencia\/","title":{"rendered":"Partidos de oposi\u00e7\u00e3o definem estrat\u00e9gias contra reforma da Previd\u00eancia"},"content":{"rendered":"<p>O l\u00edder do PDT na C\u00e2mara, Andr\u00e9 Figueiredo (CE), discutiu, na manh\u00e3 desta ter\u00e7a-feira (7), com deputados e senadores de partidos de oposi\u00e7\u00e3o \u2013 PT, PSOL, PCdoB e PSB \u2013, al\u00e9m de parlamentares da base do governo, estrat\u00e9gias contra a Reforma da Previd\u00eancia e a constru\u00e7\u00e3o de um projeto de pa\u00eds.<\/p>\n<p>A ideia, segundo o l\u00edder, \u00e9 a cria\u00e7\u00e3o de uma &#8220;frente ampla de esquerda\u201d com uma pauta conjunta em defesa da democracia e da soberania nacional e contra as reformas do Temer. \u201cTemos a certeza de que a oposi\u00e7\u00e3o precisa se unir. \u00c9 um ano eleitoral. N\u00e3o precisamos necessariamente ter os mesmos candidatos, mas precisamos definir as mesmas bandeiras\u201d, declarou Andr\u00e9 Figueiredo.<\/p>\n<p>Na reuni\u00e3o ficou decidido, ainda, que ser\u00e1 lan\u00e7ado um manifesto com uma proposta alternativa para o desenvolvimento do pa\u00eds, contra o retrocesso e a retirada de direitos, como as mudan\u00e7as nas regras da aposentadoria.<\/p>\n<p>\u201cAceitamos futuramente discutir uma reforma com um governo legitimamente eleito, mas n\u00e3o nos moldes da proposta desse governo, que s\u00f3 retira direitos de quem tem muito pouco\u201d, disse o pedetista.<\/p>\n<p>Participaram da reuni\u00e3o na sede nacional do PDT, em Bras\u00edlia, o presidente da funda\u00e7\u00e3o Leonel Brizola- Alberto Pasqualini e secret\u00e1rio-geral nacional do partido, Manoel Dias, a presidente do PT, senadora Gleisi Hoffmann(PR), os senadores petistas Lindbergh Farias(RJ), Humberto Costa(PE), o senador Roberto Requi\u00e3o (MDB-PR), al\u00e9m dos deputados Paulo Pimenta (PT-RS), Jos\u00e9 Guimar\u00e3es (PT-CE), D\u00e9cio Lima (PT-SC), Odorico Monteiro (PSB-CE), Le\u00f4nidas Cristino (PDT-CE), Ivan Valente(PSOL-SP), Alice Portugal (PCdoB-BA) e Luciana Santos (PCdoB-PE).<\/p>\n<!-- AddThis Advanced Settings generic via filter on the_content --><!-- AddThis Share Buttons generic via filter on the_content -->","protected":false},"excerpt":{"rendered":"<p>O l\u00edder do PDT na C\u00e2mara, Andr\u00e9 Figueiredo (CE), discutiu, na manh\u00e3 desta ter\u00e7a-feira (7), com deputados e senadores de partidos de oposi\u00e7\u00e3o \u2013 PT, PSOL, PCdoB e PSB \u2013, al\u00e9m de parlamentares da base do governo, estrat\u00e9gias contra a Reforma da Previd\u00eancia e a constru\u00e7\u00e3o de um projeto de pa\u00eds. A ideia, segundo o&#8230;<!-- AddThis Advanced Settings generic via filter on wp_trim_excerpt --><!-- AddThis Share Buttons generic via filter on wp_trim_excerpt --><\/p>\n","protected":false},"author":17,"featured_media":58524,"comment_status":"closed","ping_status":"closed","sticky":false,"template":"","format":"standard","meta":{"_monsterinsights_skip_tracking":false,"_monsterinsights_sitenote_active":false,"_monsterinsights_sitenote_note":"","_monsterinsights_sitenote_category":0,"_uf_show_specific_survey":0,"_uf_disable_surveys":false,"footnotes":""},"categories":[1459,976],"tags":[2810,2811],"class_list":["post-58523","post","type-post","status-publish","format-standard","has-post-thumbnail","hentry","category-congresso","category-noticias-em-destaque","tag-frente-ampla-de-esquerda","tag-partidos-de-esquerda"],"acf":[],"_links":{"self":[{"href":"https:\/\/pdt-rj.org.br\/index.php\/wp-json\/wp\/v2\/posts\/58523","targetHints":{"allow":["GET"]}}],"collection":[{"href":"https:\/\/pdt-rj.org.br\/index.php\/wp-json\/wp\/v2\/posts"}],"about":[{"href":"https:\/\/pdt-rj.org.br\/index.php\/wp-json\/wp\/v2\/types\/post"}],"author":[{"embeddable":true,"href":"https:\/\/pdt-rj.org.br\/index.php\/wp-json\/wp\/v2\/users\/17"}],"replies":[{"embeddable":true,"href":"https:\/\/pdt-rj.org.br\/index.php\/wp-json\/wp\/v2\/comments?post=58523"}],"version-history":[{"count":2,"href":"https:\/\/pdt-rj.org.br\/index.php\/wp-json\/wp\/v2\/posts\/58523\/revisions"}],"predecessor-version":[{"id":58565,"href":"https:\/\/pdt-rj.org.br\/index.php\/wp-json\/wp\/v2\/posts\/58523\/revisions\/58565"}],"wp:featuredmedia":[{"embeddable":true,"href":"https:\/\/pdt-rj.org.br\/index.php\/wp-json\/wp\/v2\/media\/58524"}],"wp:attachment":[{"href":"https:\/\/pdt-rj.org.br\/index.php\/wp-json\/wp\/v2\/media?parent=58523"}],"wp:term":[{"taxonomy":"category","embeddable":true,"href":"https:\/\/pdt-rj.org.br\/index.php\/wp-json\/wp\/v2\/categories?post=58523"},{"taxonomy":"post_tag","embeddable":true,"href":"https:\/\/pdt-rj.org.br\/index.php\/wp-json\/wp\/v2\/tags?post=58523"}],"curies":[{"name":"wp","href":"https:\/\/api.w.org\/{rel}","templated":true}]}}