{"id":58494,"date":"2018-02-06T17:15:36","date_gmt":"2018-02-06T19:15:36","guid":{"rendered":"http:\/\/pdt-rj.org.br\/?p=58494"},"modified":"2018-02-23T19:30:14","modified_gmt":"2018-02-23T22:30:14","slug":"e-preciso-ouvir-o-povo-antes-de-votar-as-reformas-afirma-weverton-rocha","status":"publish","type":"post","link":"https:\/\/pdt-rj.org.br\/index.php\/e-preciso-ouvir-o-povo-antes-de-votar-as-reformas-afirma-weverton-rocha\/","title":{"rendered":"\u201c\u00c9 preciso ouvir o povo antes de votar as reformas\u201d, afirma Weverton Rocha"},"content":{"rendered":"<p>Em poucos dias retomaremos os trabalhos no Congresso Nacional. E temos pela frente um ano com muitos desafios. A pauta, logo nesse primeiro semestre, tem pelos menos dois assuntos de grande relev\u00e2ncia para os cidad\u00e3os: a reforma da Previd\u00eancia e as altera\u00e7\u00f5es na reforma trabalhista, enviadas por meio de Medida Provis\u00f3ria pelo presidente Michel Temer.<\/p>\n<p>O ano passado terminou com uma derrota do governo, que n\u00e3o conseguiu pautar para vota\u00e7\u00e3o a reforma da Previd\u00eancia. Mas, naquele momento, eu j\u00e1 dizia que era preciso estar vigilante, pois est\u00e1 a servi\u00e7o de um projeto liberal, que visa sobretudo ao enxugamento do Estado para favorecer as grandes empresas e os especuladores internacionais e n\u00e3o desistir\u00e1 f\u00e1cil. Sem ter sido eleito pelo povo e sem perspectiva de passar pela avalia\u00e7\u00e3o das urnas, ele pressiona sua base de parlamentares e tenta de todas as formas aprovar, sem grandes discuss\u00f5es, mudan\u00e7as nas regras de aposentadoria que prejudicar\u00e3o principalmente a popula\u00e7\u00e3o mais pobre.<\/p>\n<p>No momento, o governo, como um todo, e o presidente Michel Temer, em especial, est\u00e3o empenhados, com o apoio da grande m\u00eddia em convencer a popula\u00e7\u00e3o que a reforma da Previd\u00eancia prejudicar\u00e1 apenas os mais favorecidos. N\u00e3o \u00e9 verdade. Quem ganha mais, tem mais alternativas de guardar recursos para um futuro de aposentadoria. O grande penalizado \u00e9 o trabalhador que ganha menos, come\u00e7a mais cedo a trabalhar e passa mais por situa\u00e7\u00f5es de desemprego, quando n\u00e3o consegue recolher contribui\u00e7\u00e3o previdenci\u00e1ria. Se a reforma for aprovada, s\u00e3o os mais pobres que estar\u00e3o condenados a passar uma vida inteira trabalhando, sem direito a descanso.<\/p>\n<p>\u00c9 mais um golpe contra o trabalhador que j\u00e1 teve seus direitos ceifados com a reforma trabalhista, aprovada no ano passado. De t\u00e3o injusta, ela j\u00e1 enfrente problemas reconhecidos pelo pr\u00f3prio governo, que enviou uma medida provis\u00f3ria para corrigir erros no texto sobre a jornada de 12 X 36 e a contrata\u00e7\u00e3o de aut\u00f4nomos. A MP n\u00e3o resolve, no entanto, distor\u00e7\u00f5es como o enfraquecimento da Justi\u00e7a Trabalhista ou a cria\u00e7\u00e3o de um subemprego, disfar\u00e7ado de trabalho intermitente, que ao arrepio da nossa Constitui\u00e7\u00e3o permite que um trabalhador ganhe menos que o sal\u00e1rio m\u00ednimo por m\u00eas.<\/p>\n<p>N\u00e3o h\u00e1 justificativa para que assuntos que impactam tanto na vida do brasileiro sejam discutidos a aprovados de afogadilho. O correto, defendo desde o in\u00edcio, seria esperar at\u00e9 o resultado das pr\u00f3ximas elei\u00e7\u00f5es, quando os eleitores ter\u00e3o escolhidos seus representantes sabendo como se posicionam sobre as reformas. Qualquer tentativa de tratar disso agora \u00e9 uma demonstra\u00e7\u00e3o clara de que o governo n\u00e3o se importa com o que o povo quer.<\/p>\n<p>Deixei a lideran\u00e7a do PDT em dezembro. Mas continuo tendo voz ativa no meu partido e na C\u00e2mara dos Deputados. Usarei essa voz at\u00e9 o limite, e depois al\u00e9m dele, para defender o trabalhador e lutar para que a reforma da Previd\u00eancia n\u00e3o seja aprovada. O povo \u00e9 o soberano e manifestar\u00e1 sua soberania nas urnas. Devemos ouvi-la primeiro para, ent\u00e3o, entender o que o povo brasileiro quer para o Brasil.<\/p>\n<!-- AddThis Advanced Settings generic via filter on the_content --><!-- AddThis Share Buttons generic via filter on the_content -->","protected":false},"excerpt":{"rendered":"<p>Em poucos dias retomaremos os trabalhos no Congresso Nacional. E temos pela frente um ano com muitos desafios. A pauta, logo nesse primeiro semestre, tem pelos menos dois assuntos de grande relev\u00e2ncia para os cidad\u00e3os: a reforma da Previd\u00eancia e as altera\u00e7\u00f5es na reforma trabalhista, enviadas por meio de Medida Provis\u00f3ria pelo presidente Michel Temer&#8230;.<!-- AddThis Advanced Settings generic via filter on wp_trim_excerpt --><!-- AddThis Share Buttons generic via filter on wp_trim_excerpt --><\/p>\n","protected":false},"author":17,"featured_media":58496,"comment_status":"closed","ping_status":"closed","sticky":false,"template":"","format":"standard","meta":{"_monsterinsights_skip_tracking":false,"_monsterinsights_sitenote_active":false,"_monsterinsights_sitenote_note":"","_monsterinsights_sitenote_category":0,"_uf_show_specific_survey":0,"_uf_disable_surveys":false,"footnotes":""},"categories":[1584,1390,1459],"tags":[38,1773,962],"class_list":["post-58494","post","type-post","status-publish","format-standard","has-post-thumbnail","hentry","category-artigos","category-editorias","category-congresso","tag-pdt","tag-reforma-da-previdencia","tag-weverton-rocha"],"acf":[],"_links":{"self":[{"href":"https:\/\/pdt-rj.org.br\/index.php\/wp-json\/wp\/v2\/posts\/58494","targetHints":{"allow":["GET"]}}],"collection":[{"href":"https:\/\/pdt-rj.org.br\/index.php\/wp-json\/wp\/v2\/posts"}],"about":[{"href":"https:\/\/pdt-rj.org.br\/index.php\/wp-json\/wp\/v2\/types\/post"}],"author":[{"embeddable":true,"href":"https:\/\/pdt-rj.org.br\/index.php\/wp-json\/wp\/v2\/users\/17"}],"replies":[{"embeddable":true,"href":"https:\/\/pdt-rj.org.br\/index.php\/wp-json\/wp\/v2\/comments?post=58494"}],"version-history":[{"count":10,"href":"https:\/\/pdt-rj.org.br\/index.php\/wp-json\/wp\/v2\/posts\/58494\/revisions"}],"predecessor-version":[{"id":58622,"href":"https:\/\/pdt-rj.org.br\/index.php\/wp-json\/wp\/v2\/posts\/58494\/revisions\/58622"}],"wp:featuredmedia":[{"embeddable":true,"href":"https:\/\/pdt-rj.org.br\/index.php\/wp-json\/wp\/v2\/media\/58496"}],"wp:attachment":[{"href":"https:\/\/pdt-rj.org.br\/index.php\/wp-json\/wp\/v2\/media?parent=58494"}],"wp:term":[{"taxonomy":"category","embeddable":true,"href":"https:\/\/pdt-rj.org.br\/index.php\/wp-json\/wp\/v2\/categories?post=58494"},{"taxonomy":"post_tag","embeddable":true,"href":"https:\/\/pdt-rj.org.br\/index.php\/wp-json\/wp\/v2\/tags?post=58494"}],"curies":[{"name":"wp","href":"https:\/\/api.w.org\/{rel}","templated":true}]}}