{"id":58489,"date":"2018-02-05T18:25:04","date_gmt":"2018-02-05T20:25:04","guid":{"rendered":"http:\/\/pdt-rj.org.br\/?p=58489"},"modified":"2018-02-05T18:29:55","modified_gmt":"2018-02-05T20:29:55","slug":"a-lei-criada-por-cao-e-considerada-a-mais-rigorosa-do-mundo-para-combater-o-racismo","status":"publish","type":"post","link":"https:\/\/pdt-rj.org.br\/index.php\/a-lei-criada-por-cao-e-considerada-a-mais-rigorosa-do-mundo-para-combater-o-racismo\/","title":{"rendered":"&#8220;A Lei criada por Ca\u00f3 \u00e9 considerada a mais rigorosa do mundo para combater o racismo&#8221;"},"content":{"rendered":"<p>Carlos Alberto Ca\u00f3 Oliveira dos Santos filiou-se ao PDT em 1981, a convite de Leonel Brizola, quando era presidente do Sindicato dos Jornalistas Profissionais do Rio de Janeiro. Em sua primeira elei\u00e7\u00e3o em 1982, obteve a segunda supl\u00eancia na C\u00e2mara dos Deputados. Em 1987 foi empossado como deputado federal constituinte, um dos poucos negros a participar da constru\u00e7\u00e3o da atual Constitui\u00e7\u00e3o Federal Brasileira.<\/p>\n<p>Foi o respons\u00e1vel pela inclus\u00e3o na Constitui\u00e7\u00e3o do inciso que estabelece que RACISMO \u00c9 CRIME INAFIAN\u00c7\u00c1VEL E IMPRESCRIT\u00cdVEL, posteriormente regulamentado pela Lei 7.716\/89, tamb\u00e9m de sua autoria, conhecida como Lei Ca\u00f3.<\/p>\n<p>Seu principal legado foi a aprova\u00e7\u00e3o destas Leis que permitiram, e permitem, at\u00e9 hoje, que a pr\u00e1tica do racismo seja julgada e punida, e juntamente com isso, fomentou um grande debate na sociedade a respeito da discrimina\u00e7\u00e3o racial, que impulsionou a cria\u00e7\u00e3o de outras pol\u00edticas p\u00fablicas com o mesmo objetivo.<\/p>\n<p>A Lei criada por Ca\u00f3 \u00e9 considerada a mais rigorosa do mundo para combater o racismo. Ca\u00f3 foi um lutador, sobrevivente da persegui\u00e7\u00e3o da ditadura, defensor dos trabalhadores e deixa sua marca eternizada na hist\u00f3ria como autor da ferramenta jur\u00eddica de combate ao racismo no Brasil, que hoje j\u00e1 serve de abrigo para outros grupos discriminados.<\/p>\n<p>O Movimento Negro do Partido Democr\u00e1tico Trabalhista tem muito orgulho em ter em sua hist\u00f3ria um companheiro admir\u00e1vel como Ca\u00f3. Cada vez que um cidad\u00e3o enfrentar o racismo, l\u00e1 estar\u00e1 Ca\u00f3 a seu lado, lutando por seus direitos! Nossos profundos sentimentos aos amigos e familiares.<\/p>\n<p>Nossos passos vem de longe, juntamente com nossa resist\u00eancia!<\/p>\n<p>&nbsp;<\/p>\n<p style=\"text-align: center;\"><strong>Ca\u00f3 Vive! Brizola Vive!<\/strong><\/p>\n<p style=\"text-align: center;\"><strong>IVALDO PAIX\u00c3O<\/strong><br \/>\n<strong>Presidente da Secretaria Nacional do Movimento Negro do PDT<\/strong><\/p>\n<!-- AddThis Advanced Settings generic via filter on the_content --><!-- AddThis Share Buttons generic via filter on the_content -->","protected":false},"excerpt":{"rendered":"<p>Carlos Alberto Ca\u00f3 Oliveira dos Santos filiou-se ao PDT em 1981, a convite de Leonel Brizola, quando era presidente do Sindicato dos Jornalistas Profissionais do Rio de Janeiro. Em sua primeira elei\u00e7\u00e3o em 1982, obteve a segunda supl\u00eancia na C\u00e2mara dos Deputados. Em 1987 foi empossado como deputado federal constituinte, um dos poucos negros a&#8230;<!-- AddThis Advanced Settings generic via filter on wp_trim_excerpt --><!-- AddThis Share Buttons generic via filter on wp_trim_excerpt --><\/p>\n","protected":false},"author":17,"featured_media":58490,"comment_status":"closed","ping_status":"closed","sticky":false,"template":"","format":"standard","meta":{"_monsterinsights_skip_tracking":false,"_monsterinsights_sitenote_active":false,"_monsterinsights_sitenote_note":"","_monsterinsights_sitenote_category":0,"_uf_show_specific_survey":0,"_uf_disable_surveys":false,"footnotes":""},"categories":[1390,1397,1587],"tags":[1133,1919,38],"class_list":["post-58489","post","type-post","status-publish","format-standard","has-post-thumbnail","hentry","category-editorias","category-movimentos","category-negro","tag-ivaldo-paixao","tag-movimento-negro","tag-pdt"],"acf":[],"_links":{"self":[{"href":"https:\/\/pdt-rj.org.br\/index.php\/wp-json\/wp\/v2\/posts\/58489","targetHints":{"allow":["GET"]}}],"collection":[{"href":"https:\/\/pdt-rj.org.br\/index.php\/wp-json\/wp\/v2\/posts"}],"about":[{"href":"https:\/\/pdt-rj.org.br\/index.php\/wp-json\/wp\/v2\/types\/post"}],"author":[{"embeddable":true,"href":"https:\/\/pdt-rj.org.br\/index.php\/wp-json\/wp\/v2\/users\/17"}],"replies":[{"embeddable":true,"href":"https:\/\/pdt-rj.org.br\/index.php\/wp-json\/wp\/v2\/comments?post=58489"}],"version-history":[{"count":2,"href":"https:\/\/pdt-rj.org.br\/index.php\/wp-json\/wp\/v2\/posts\/58489\/revisions"}],"predecessor-version":[{"id":58492,"href":"https:\/\/pdt-rj.org.br\/index.php\/wp-json\/wp\/v2\/posts\/58489\/revisions\/58492"}],"wp:featuredmedia":[{"embeddable":true,"href":"https:\/\/pdt-rj.org.br\/index.php\/wp-json\/wp\/v2\/media\/58490"}],"wp:attachment":[{"href":"https:\/\/pdt-rj.org.br\/index.php\/wp-json\/wp\/v2\/media?parent=58489"}],"wp:term":[{"taxonomy":"category","embeddable":true,"href":"https:\/\/pdt-rj.org.br\/index.php\/wp-json\/wp\/v2\/categories?post=58489"},{"taxonomy":"post_tag","embeddable":true,"href":"https:\/\/pdt-rj.org.br\/index.php\/wp-json\/wp\/v2\/tags?post=58489"}],"curies":[{"name":"wp","href":"https:\/\/api.w.org\/{rel}","templated":true}]}}