{"id":58474,"date":"2018-02-05T11:47:11","date_gmt":"2018-02-05T13:47:11","guid":{"rendered":"http:\/\/pdt-rj.org.br\/?p=58474"},"modified":"2018-02-16T00:06:53","modified_gmt":"2018-02-16T02:06:53","slug":"morre-aos-76-anos-carlos-alberto-cao","status":"publish","type":"post","link":"https:\/\/pdt-rj.org.br\/index.php\/morre-aos-76-anos-carlos-alberto-cao\/","title":{"rendered":"Morre, aos 76 anos, Carlos Alberto Ca\u00f3"},"content":{"rendered":"<p>Foi com pesar que recebi na manh\u00e3 de hoje a not\u00edcia sobre a passagem do valoroso companheiro Carlos Alberto Ca\u00f3, ex-deputado federal e ferrenho defensor dos direitos dos negros no Brasil.<\/p>\n<p>No PDT, Ca\u00f3 desempenhou papel de primeira import\u00e2ncia, sendo deputado federal por dois mandatos (1983-1991) e tamb\u00e9m secret\u00e1rio estadual nas gest\u00f5es de Brizola no Rio de Janeiro.<\/p>\n<p>Na C\u00e2mara Federal, foi autor da Lei 7.716\/1989, que define os crimes em raz\u00e3o de preconceito e discrimina\u00e7\u00e3o de ra\u00e7a ou cor. Antes da Lei Ca\u00f3, como ficou conhecida, os casos tipificados contra negros eram considerados apenas contraven\u00e7\u00e3o.<\/p>\n<p>Filho de m\u00e3e costureira e pai marceneiro, Ca\u00f3 sentiu na pele todas as dificuldades dos negros em um pa\u00eds onde, at\u00e9 hoje, existe grande preconceito por conta da cor da pele. Mas isso n\u00e3o o impediu de buscar seu sonho, e em 1967, se formou Advogado pela Universidade Federal do Estado do Rio de Janeiro (UFRJ). Ca\u00f3 tamb\u00e9m se destacou como jornalista, trabalhado em diversos ve\u00edculos de imprensa ao longo da sua vida.<\/p>\n<p>Aos 76 anos, Ca\u00f3 parte e deixa o legado de uma vida em defesa da causa negra, que sempre encontrou abrigo no partido no qual se destacou ao longo da sua vida, o PDT.<\/p>\n<p>&nbsp;<\/p>\n<p style=\"text-align: center;\"><strong>Carlos Lupi<\/strong><\/p>\n<p style=\"text-align: center;\"><strong>Presidente Nacional do PDT<\/strong><\/p>\n<p>&nbsp;<\/p>\n<p><strong>Leia mais: <a href=\"http:\/\/pdt-rj.org.br\/index.php\/cao-juntou-a-luta-politica-pela-democracia-a-inclusao-do-afrodescendente\/\">&#8220;Ca\u00f3 Juntou \u00e0 luta pol\u00edtica pela democracia a inclus\u00e3o do afrodescendente&#8221;<\/a>.<\/strong><\/p>\n<!-- AddThis Advanced Settings generic via filter on the_content --><!-- AddThis Share Buttons generic via filter on the_content -->","protected":false},"excerpt":{"rendered":"<p>Foi com pesar que recebi na manh\u00e3 de hoje a not\u00edcia sobre a passagem do valoroso companheiro Carlos Alberto Ca\u00f3, ex-deputado federal e ferrenho defensor dos direitos dos negros no Brasil. No PDT, Ca\u00f3 desempenhou papel de primeira import\u00e2ncia, sendo deputado federal por dois mandatos (1983-1991) e tamb\u00e9m secret\u00e1rio estadual nas gest\u00f5es de Brizola no&#8230;<!-- AddThis Advanced Settings generic via filter on wp_trim_excerpt --><!-- AddThis Share Buttons generic via filter on wp_trim_excerpt --><\/p>\n","protected":false},"author":17,"featured_media":58475,"comment_status":"closed","ping_status":"closed","sticky":false,"template":"","format":"standard","meta":{"_monsterinsights_skip_tracking":false,"_monsterinsights_sitenote_active":false,"_monsterinsights_sitenote_note":"","_monsterinsights_sitenote_category":0,"_uf_show_specific_survey":0,"_uf_disable_surveys":false,"footnotes":""},"categories":[1390,1401],"tags":[2798,196,2799,38],"class_list":["post-58474","post","type-post","status-publish","format-standard","has-post-thumbnail","hentry","category-editorias","category-nacional","tag-cao","tag-carlos-lupi","tag-lei-cao","tag-pdt"],"acf":[],"_links":{"self":[{"href":"https:\/\/pdt-rj.org.br\/index.php\/wp-json\/wp\/v2\/posts\/58474","targetHints":{"allow":["GET"]}}],"collection":[{"href":"https:\/\/pdt-rj.org.br\/index.php\/wp-json\/wp\/v2\/posts"}],"about":[{"href":"https:\/\/pdt-rj.org.br\/index.php\/wp-json\/wp\/v2\/types\/post"}],"author":[{"embeddable":true,"href":"https:\/\/pdt-rj.org.br\/index.php\/wp-json\/wp\/v2\/users\/17"}],"replies":[{"embeddable":true,"href":"https:\/\/pdt-rj.org.br\/index.php\/wp-json\/wp\/v2\/comments?post=58474"}],"version-history":[{"count":10,"href":"https:\/\/pdt-rj.org.br\/index.php\/wp-json\/wp\/v2\/posts\/58474\/revisions"}],"predecessor-version":[{"id":58566,"href":"https:\/\/pdt-rj.org.br\/index.php\/wp-json\/wp\/v2\/posts\/58474\/revisions\/58566"}],"wp:featuredmedia":[{"embeddable":true,"href":"https:\/\/pdt-rj.org.br\/index.php\/wp-json\/wp\/v2\/media\/58475"}],"wp:attachment":[{"href":"https:\/\/pdt-rj.org.br\/index.php\/wp-json\/wp\/v2\/media?parent=58474"}],"wp:term":[{"taxonomy":"category","embeddable":true,"href":"https:\/\/pdt-rj.org.br\/index.php\/wp-json\/wp\/v2\/categories?post=58474"},{"taxonomy":"post_tag","embeddable":true,"href":"https:\/\/pdt-rj.org.br\/index.php\/wp-json\/wp\/v2\/tags?post=58474"}],"curies":[{"name":"wp","href":"https:\/\/api.w.org\/{rel}","templated":true}]}}