{"id":58472,"date":"2018-02-05T12:21:15","date_gmt":"2018-02-05T14:21:15","guid":{"rendered":"http:\/\/pdt-rj.org.br\/?p=58472"},"modified":"2018-02-21T11:24:11","modified_gmt":"2018-02-21T14:24:11","slug":"cao-juntou-a-luta-politica-pela-democracia-a-inclusao-do-afrodescendente","status":"publish","type":"post","link":"https:\/\/pdt-rj.org.br\/index.php\/cao-juntou-a-luta-politica-pela-democracia-a-inclusao-do-afrodescendente\/","title":{"rendered":"\u201cCa\u00f3 juntou \u00e0 luta pol\u00edtica pela democracia a inclus\u00e3o do afrodescendente\u201d"},"content":{"rendered":"<p>Not\u00edcia triste desse domingo: morreu aos 76 anos o jornalista Carlos Alberto Ca\u00f3 de Oliveira, o Ca\u00f3, advogado, militante hist\u00f3rico do movimento negro, ex-presidente do Sindicato dos Jornalistas o Rio de Janeiro por duas gest\u00f5es. Eleito deputado federal pelo PDT, foi autor na Lei 7.437\/1985 que alterou o texto da Lei Afonso Arinos, de 1951, tornando contraven\u00e7\u00e3o penal o preconceito de ra\u00e7a, cor, sexo e estado. O texto ficou conhecido como \u2018Lei Ca\u00f3\u2019.<\/p>\n<p>Ele foi respons\u00e1vel pela inclus\u00e3o na Carta Magna de 1988 do inciso ao Artigo 5\u00ba que tornou racismo crime inafian\u00e7\u00e1vel e imprescrit\u00edvel. Mais tarde, foi autor da Lei 7.716\/1989, que regulamentou o texto constitucional determinando pris\u00e3o para o crime de preconceito e discrimina\u00e7\u00e3o de ra\u00e7a ou cor. Ca\u00f3, nasceu na Bahia, onde foi l\u00edder estudantil e comunit\u00e1rio. Como jornalista trabalhou, entre outros ve\u00edculos, no \u201cJornal do Brasil\u201d e na revista \u201cVeja\u201d.<\/p>\n<p>Juntou \u00e0 luta pol\u00edtica pela democracia a inclus\u00e3o do afrodescendente e campanha. No governo Brizola, quando era secret\u00e1rio de Habita\u00e7\u00e3o e Trabalho, recepcionou Nelson Mandela no Rio de Janeiro, junto com Brizola e Abdias do Nascimento.<\/p>\n<p><strong>Ca\u00f3 conta como foi essa hist\u00f3ria na revista &#8220;Ra\u00e7a&#8221;:<\/strong><\/p>\n<p>\u201cAcho que em maio, tr\u00eas meses antes da visita de Mandela ao Brasil, na secretaria de Trabalho e Habita\u00e7\u00e3o recebi um telefonema de Howard Shapiro, ent\u00e3o adido cultural da embaixada americana no Rio de Janeiro. Ele me convidou para almo\u00e7ar. Fui e ele me perguntou se n\u00f3s do movimento negro est\u00e1vamos programando alguma manifesta\u00e7\u00e3o pol\u00edtica quando da vinda do Mandela em agosto. Eu disse a ele que sequer sabia da visita, o que realmente era verdade, e muito menos de um ato pol\u00edtico. A\u00ed eu percebi que ele era agente da CIA.<\/p>\n<p>\u201cAntecedendo \u00e0 vinda de Nelson Mandela, convidado pela Comiss\u00e3o Legislativa do Senado, os seguran\u00e7as dele haviam chegado ao Brasil no final de julho para avaliar as condi\u00e7\u00f5es de estadia e locomo\u00e7\u00e3o, como acontece quando da visita de qualquer autoridade ou figura p\u00fablica mundial. Mas eu desconhecia este fato.<\/p>\n<p>\u201cUm dia algu\u00e9m ligou para a secretaria e relatou as condi\u00e7\u00f5es em que o seguran\u00e7as dele estavam hospedados: no Hotel Ambassador \u2013 Centro do Rio -, sem direito a telefone e frigobar. Eles estavam furiosos e j\u00e1 haviam reprovado a visita de Mandela ao Brasil.<\/p>\n<p>\u201cFomos at\u00e9 l\u00e1, conversamos com eles e os convencemos a reavaliar a situa\u00e7\u00e3o e os levamos para outro lugar mais confort\u00e1vel, o Othon, estrategicamente perto da casa do Brizola. Neste meio tempo, viabilizamos meios para a estadia de toda a comitiva. Me orgulho muito disto- , disse Ca\u00f3.\u201d<\/p>\n<p>Na foto, no palanque armado nos jardins do Pal\u00e1cio Guanabara para receber Mandela em sua visita oficial ao Rio de Janeiro em 1991, Brizola, Abdias do Nascimento, o ent\u00e3o prefeito Marcelo Alencar e na direita, Ca\u00f3.<\/p>\n<p>(Fontes: Dom\u00edcio Gonzaga, Cacau de Brito, Maria Helena Oliveira, J\u00fanior Perim e revista &#8220;Ra\u00e7a&#8221;)<\/p>\n<!-- AddThis Advanced Settings generic via filter on the_content --><!-- AddThis Share Buttons generic via filter on the_content -->","protected":false},"excerpt":{"rendered":"<p>Not\u00edcia triste desse domingo: morreu aos 76 anos o jornalista Carlos Alberto Ca\u00f3 de Oliveira, o Ca\u00f3, advogado, militante hist\u00f3rico do movimento negro, ex-presidente do Sindicato dos Jornalistas o Rio de Janeiro por duas gest\u00f5es. Eleito deputado federal pelo PDT, foi autor na Lei 7.437\/1985 que alterou o texto da Lei Afonso Arinos, de 1951,&#8230;<!-- AddThis Advanced Settings generic via filter on wp_trim_excerpt --><!-- AddThis Share Buttons generic via filter on wp_trim_excerpt --><\/p>\n","protected":false},"author":17,"featured_media":58476,"comment_status":"closed","ping_status":"closed","sticky":false,"template":"","format":"standard","meta":{"_monsterinsights_skip_tracking":false,"_monsterinsights_sitenote_active":false,"_monsterinsights_sitenote_note":"","_monsterinsights_sitenote_category":0,"_uf_show_specific_survey":0,"_uf_disable_surveys":false,"footnotes":""},"categories":[1390,1401],"tags":[2798,38],"class_list":["post-58472","post","type-post","status-publish","format-standard","has-post-thumbnail","hentry","category-editorias","category-nacional","tag-cao","tag-pdt"],"acf":[],"_links":{"self":[{"href":"https:\/\/pdt-rj.org.br\/index.php\/wp-json\/wp\/v2\/posts\/58472","targetHints":{"allow":["GET"]}}],"collection":[{"href":"https:\/\/pdt-rj.org.br\/index.php\/wp-json\/wp\/v2\/posts"}],"about":[{"href":"https:\/\/pdt-rj.org.br\/index.php\/wp-json\/wp\/v2\/types\/post"}],"author":[{"embeddable":true,"href":"https:\/\/pdt-rj.org.br\/index.php\/wp-json\/wp\/v2\/users\/17"}],"replies":[{"embeddable":true,"href":"https:\/\/pdt-rj.org.br\/index.php\/wp-json\/wp\/v2\/comments?post=58472"}],"version-history":[{"count":3,"href":"https:\/\/pdt-rj.org.br\/index.php\/wp-json\/wp\/v2\/posts\/58472\/revisions"}],"predecessor-version":[{"id":58601,"href":"https:\/\/pdt-rj.org.br\/index.php\/wp-json\/wp\/v2\/posts\/58472\/revisions\/58601"}],"wp:featuredmedia":[{"embeddable":true,"href":"https:\/\/pdt-rj.org.br\/index.php\/wp-json\/wp\/v2\/media\/58476"}],"wp:attachment":[{"href":"https:\/\/pdt-rj.org.br\/index.php\/wp-json\/wp\/v2\/media?parent=58472"}],"wp:term":[{"taxonomy":"category","embeddable":true,"href":"https:\/\/pdt-rj.org.br\/index.php\/wp-json\/wp\/v2\/categories?post=58472"},{"taxonomy":"post_tag","embeddable":true,"href":"https:\/\/pdt-rj.org.br\/index.php\/wp-json\/wp\/v2\/tags?post=58472"}],"curies":[{"name":"wp","href":"https:\/\/api.w.org\/{rel}","templated":true}]}}