{"id":58441,"date":"2018-02-01T20:39:41","date_gmt":"2018-02-01T22:39:41","guid":{"rendered":"http:\/\/pdt-rj.org.br\/?p=58441"},"modified":"2018-02-02T14:58:29","modified_gmt":"2018-02-02T16:58:29","slug":"deputado-sossella-busca-agilizar-questoes-de-cnhs-suspensas-para-motoristas-profissionais","status":"publish","type":"post","link":"https:\/\/pdt-rj.org.br\/index.php\/deputado-sossella-busca-agilizar-questoes-de-cnhs-suspensas-para-motoristas-profissionais\/","title":{"rendered":"Gilmar Sossella busca resolver problemas com CNHs suspensas para motoristas profissionais"},"content":{"rendered":"<p>O deputado estadual Gilmar Sossella (PDT) se reuniu na ter\u00e7a-feira (30) com o diretor-geral do Departamento de Estadual de Tr\u00e2nsito (Detran), Ildo M\u00e1rio Szinvelski, para resolver o problema dos motoristas profissionais que est\u00e3o com a habilita\u00e7\u00e3o suspensa no estado.<\/p>\n<p>De acordo com dados do Detran ga\u00facho, ao longo do ano de 2017, 9,8 mil condutores tiveram a Carteira Nacional de Habilita\u00e7\u00e3o (CNH) cassada. Nos outros 6%, s\u00e3o casos de motoristas que sofreu determinadas infra\u00e7\u00f5es graves mais de uma vez.<\/p>\n<p>O deputado solicitou a agiliza\u00e7\u00e3o na lei aprovada que permite os motoristas que exercem atividade remunerada, fa\u00e7am o curso de reciclagem antecipada podendo optar por fazer esse curso ao atingirem 14 pontos na CNH no per\u00edodo de um ano. De acordo com o diretor do Detran, a lei dever\u00e1 ser regulamentada nas pr\u00f3ximas semanas.<\/p>\n<p>Outra quest\u00e3o tamb\u00e9m discutida foi o Projeto de Lei que tramita no Congresso Nacional e que prev\u00ea aumentar o limite de pontua\u00e7\u00e3o para os motoristas que exer\u00e7am atividade remunerada, os quais s\u00e3o indispens\u00e1veis ter a CNH.<\/p>\n<p>\u201cExplicamos que a nossa defesa se faz por aquele condutor que depende da CNH para o seu trabalho e o seu sustento, como caminhoneiros, representantes comerciais, taxistas, motoristas contratados, entre outros\u201d, destacou Sossella. Um pedido ser\u00e1 encaminhado aos deputados federais para que a proposi\u00e7\u00e3o seja aprovada no primeiro semestre deste ano.<\/p>\n<p>Na reuni\u00e3o o diretor informou que 78% dos 4,8 milh\u00f5es de motoristas registrados no Rio Grande do Sul n\u00e3o foram autuados por nenhuma infra\u00e7\u00e3o no ano de 2017.<\/p>\n<!-- AddThis Advanced Settings generic via filter on the_content --><!-- AddThis Share Buttons generic via filter on the_content -->","protected":false},"excerpt":{"rendered":"<p>O deputado estadual Gilmar Sossella (PDT) se reuniu na ter\u00e7a-feira (30) com o diretor-geral do Departamento de Estadual de Tr\u00e2nsito (Detran), Ildo M\u00e1rio Szinvelski, para resolver o problema dos motoristas profissionais que est\u00e3o com a habilita\u00e7\u00e3o suspensa no estado. De acordo com dados do Detran ga\u00facho, ao longo do ano de 2017, 9,8 mil condutores&#8230;<!-- AddThis Advanced Settings generic via filter on wp_trim_excerpt --><!-- AddThis Share Buttons generic via filter on wp_trim_excerpt --><\/p>\n","protected":false},"author":17,"featured_media":58442,"comment_status":"closed","ping_status":"closed","sticky":false,"template":"","format":"standard","meta":{"_monsterinsights_skip_tracking":false,"_monsterinsights_sitenote_active":false,"_monsterinsights_sitenote_note":"","_monsterinsights_sitenote_category":0,"_uf_show_specific_survey":0,"_uf_disable_surveys":false,"footnotes":""},"categories":[1390,1402],"tags":[2783,2797,2793,1173,2794,2796],"class_list":["post-58441","post","type-post","status-publish","format-standard","has-post-thumbnail","hentry","category-editorias","category-cidades","tag-cnh","tag-detran","tag-detran-rs","tag-gilmar-sossella","tag-infracoes","tag-transito"],"acf":[],"_links":{"self":[{"href":"https:\/\/pdt-rj.org.br\/index.php\/wp-json\/wp\/v2\/posts\/58441","targetHints":{"allow":["GET"]}}],"collection":[{"href":"https:\/\/pdt-rj.org.br\/index.php\/wp-json\/wp\/v2\/posts"}],"about":[{"href":"https:\/\/pdt-rj.org.br\/index.php\/wp-json\/wp\/v2\/types\/post"}],"author":[{"embeddable":true,"href":"https:\/\/pdt-rj.org.br\/index.php\/wp-json\/wp\/v2\/users\/17"}],"replies":[{"embeddable":true,"href":"https:\/\/pdt-rj.org.br\/index.php\/wp-json\/wp\/v2\/comments?post=58441"}],"version-history":[{"count":5,"href":"https:\/\/pdt-rj.org.br\/index.php\/wp-json\/wp\/v2\/posts\/58441\/revisions"}],"predecessor-version":[{"id":58457,"href":"https:\/\/pdt-rj.org.br\/index.php\/wp-json\/wp\/v2\/posts\/58441\/revisions\/58457"}],"wp:featuredmedia":[{"embeddable":true,"href":"https:\/\/pdt-rj.org.br\/index.php\/wp-json\/wp\/v2\/media\/58442"}],"wp:attachment":[{"href":"https:\/\/pdt-rj.org.br\/index.php\/wp-json\/wp\/v2\/media?parent=58441"}],"wp:term":[{"taxonomy":"category","embeddable":true,"href":"https:\/\/pdt-rj.org.br\/index.php\/wp-json\/wp\/v2\/categories?post=58441"},{"taxonomy":"post_tag","embeddable":true,"href":"https:\/\/pdt-rj.org.br\/index.php\/wp-json\/wp\/v2\/tags?post=58441"}],"curies":[{"name":"wp","href":"https:\/\/api.w.org\/{rel}","templated":true}]}}