{"id":58428,"date":"2018-01-31T20:23:52","date_gmt":"2018-01-31T22:23:52","guid":{"rendered":"http:\/\/pdt-rj.org.br\/?p=58428"},"modified":"2018-02-21T11:31:26","modified_gmt":"2018-02-21T14:31:26","slug":"pdt-confirma-apoio-a-luis-molossi-nas-eleicoes-do-parlamento-italiano","status":"publish","type":"post","link":"https:\/\/pdt-rj.org.br\/index.php\/pdt-confirma-apoio-a-luis-molossi-nas-eleicoes-do-parlamento-italiano\/","title":{"rendered":"PDT confirma apoio a Luis Molossi nas elei\u00e7\u00f5es do Parlamento Italiano"},"content":{"rendered":"<p>O PDT confirmou o apoio \u00e0 candidatura do advogado filiado, Luis Molossi, para uma das cadeiras do Parlamento Italiano nas elei\u00e7\u00f5es que ocorrem, at\u00e9 mar\u00e7o deste ano, na Am\u00e9rica do Sul. No \u00faltimo dia 12 de janeiro, em Curitiba, o presidente nacional da sigla pedetista, Carlos Lupi, oficializou a posi\u00e7\u00e3o durante evento com correligion\u00e1rios do estado.<\/p>\n<p>Para Lupi, o postulante brizolista mostra representatividade, alinhamento ideol\u00f3gico e garantir\u00e1 um trabalho integrado com o Brasil.<\/p>\n<p>\u201cPe\u00e7o aos amigos e companheiros que votem e apoiem Molossi pelo que esta candidatura expressa aos italobrasileiros e poder\u00e1 representar uma estrada de m\u00e3o dupla em parceria com o trabalhismo brasileiro\u201d, afirmou.<\/p>\n<p>\u201cMolossi, em movimento pela cidadania plena.\u201d Com esse slogan, o postulante \u00e0 cadeira de deputado pelo Maie (Movimento Associativo dos Italianos no Exterior, em portugu\u00eas), partido que coordena no Brasil, mostra um perfil agregador e aberto ao di\u00e1logo. Na elei\u00e7\u00e3o de 2013, ele conquistou 12.501 votos, ficando na primeira supl\u00eancia em toda a Am\u00e9rica do Sul.<\/p>\n<p>Na entrevista concedida ao site da Funda\u00e7\u00e3o Leonel Brizola \u2013 Alberto Pasqualini (FLB-AP), Molossi, que fez quest\u00e3o de exaltar que faz anivers\u00e1rio no mesmo dia de Leonel Brizola (22 de janeiro) ao falar do trabalhismo, e detalhou suas propostas, com destaque para os jovens, a economia, os direitos civis. Sobre o Brasil, ressaltou a import\u00e2ncia da parceria ampliada e opinou sobre a atual turbul\u00eancia pol\u00edtica, que desencadeia, de forma recorrente, a compara\u00e7\u00e3o com fatos ocorridos na It\u00e1lia.<\/p>\n<p>Leia a entrevista completa <a href=\"http:\/\/flb-ap.org.br\/noticia.php?id=4252&amp;title=pdt-confirma-apoio-a-luis-molossi-nas-eleicoes-do-parlamento-italiano\">aqui<\/a>.<\/p>\n<!-- AddThis Advanced Settings generic via filter on the_content --><!-- AddThis Share Buttons generic via filter on the_content -->","protected":false},"excerpt":{"rendered":"<p>O PDT confirmou o apoio \u00e0 candidatura do advogado filiado, Luis Molossi, para uma das cadeiras do Parlamento Italiano nas elei\u00e7\u00f5es que ocorrem, at\u00e9 mar\u00e7o deste ano, na Am\u00e9rica do Sul. No \u00faltimo dia 12 de janeiro, em Curitiba, o presidente nacional da sigla pedetista, Carlos Lupi, oficializou a posi\u00e7\u00e3o durante evento com correligion\u00e1rios do&#8230;<!-- AddThis Advanced Settings generic via filter on wp_trim_excerpt --><!-- AddThis Share Buttons generic via filter on wp_trim_excerpt --><\/p>\n","protected":false},"author":17,"featured_media":58430,"comment_status":"closed","ping_status":"closed","sticky":false,"template":"","format":"standard","meta":{"_monsterinsights_skip_tracking":false,"_monsterinsights_sitenote_active":false,"_monsterinsights_sitenote_note":"","_monsterinsights_sitenote_category":0,"_uf_show_specific_survey":0,"_uf_disable_surveys":false,"footnotes":""},"categories":[1390],"tags":[196,426,2792,38],"class_list":["post-58428","post","type-post","status-publish","format-standard","has-post-thumbnail","hentry","category-editorias","tag-carlos-lupi","tag-fundacao-leonel-brizola-alberto-pasqualini","tag-luis-molossi","tag-pdt"],"acf":[],"_links":{"self":[{"href":"https:\/\/pdt-rj.org.br\/index.php\/wp-json\/wp\/v2\/posts\/58428","targetHints":{"allow":["GET"]}}],"collection":[{"href":"https:\/\/pdt-rj.org.br\/index.php\/wp-json\/wp\/v2\/posts"}],"about":[{"href":"https:\/\/pdt-rj.org.br\/index.php\/wp-json\/wp\/v2\/types\/post"}],"author":[{"embeddable":true,"href":"https:\/\/pdt-rj.org.br\/index.php\/wp-json\/wp\/v2\/users\/17"}],"replies":[{"embeddable":true,"href":"https:\/\/pdt-rj.org.br\/index.php\/wp-json\/wp\/v2\/comments?post=58428"}],"version-history":[{"count":5,"href":"https:\/\/pdt-rj.org.br\/index.php\/wp-json\/wp\/v2\/posts\/58428\/revisions"}],"predecessor-version":[{"id":58603,"href":"https:\/\/pdt-rj.org.br\/index.php\/wp-json\/wp\/v2\/posts\/58428\/revisions\/58603"}],"wp:featuredmedia":[{"embeddable":true,"href":"https:\/\/pdt-rj.org.br\/index.php\/wp-json\/wp\/v2\/media\/58430"}],"wp:attachment":[{"href":"https:\/\/pdt-rj.org.br\/index.php\/wp-json\/wp\/v2\/media?parent=58428"}],"wp:term":[{"taxonomy":"category","embeddable":true,"href":"https:\/\/pdt-rj.org.br\/index.php\/wp-json\/wp\/v2\/categories?post=58428"},{"taxonomy":"post_tag","embeddable":true,"href":"https:\/\/pdt-rj.org.br\/index.php\/wp-json\/wp\/v2\/tags?post=58428"}],"curies":[{"name":"wp","href":"https:\/\/api.w.org\/{rel}","templated":true}]}}