{"id":58418,"date":"2018-01-31T15:33:27","date_gmt":"2018-01-31T17:33:27","guid":{"rendered":"http:\/\/pdt-rj.org.br\/?p=58418"},"modified":"2018-02-16T00:12:19","modified_gmt":"2018-02-16T02:12:19","slug":"respeitem-o-ministerio-do-trabalho","status":"publish","type":"post","link":"https:\/\/pdt-rj.org.br\/index.php\/respeitem-o-ministerio-do-trabalho\/","title":{"rendered":"Respeitem o Minist\u00e9rio do Trabalho"},"content":{"rendered":"<p>A condu\u00e7\u00e3o que o governo ileg\u00edtimo tem dado ao Minist\u00e9rio do Trabalho \u00e9 ultrajante \u00e0 classe trabalhadora, ao povo brasileiro, e \u00e0 mem\u00f3ria dos que o edificaram.<\/p>\n<p>Se n\u00e3o bastasse o crime de lesa-trabalhador, por conta da reforma trabalhista, que apenas retirou direitos j\u00e1 consagrados, agora o presidente Michel Temer humilha o Minist\u00e9rio do Trabalho, com a insist\u00eancia de nomear como ministra, Cristiane Brasil, filha de Roberto Jefferson.<\/p>\n<p>Constru\u00eddo por Get\u00falio Vargas, em 26 de novembro de 1930, foi uma das primeiras iniciativas que a Revolu\u00e7\u00e3o de 30 efetivou. Get\u00falio mudara neste ato, de forma incontest\u00e1vel, s\u00e9culos de explora\u00e7\u00e3o e abusos.<\/p>\n<p>Enfim direitos e garantias \u00e0 classe trabalhadora come\u00e7aram a ser reconhecidos, a rela\u00e7\u00e3o capital e trabalho abriam novas perspectivas em um novo paradigma de prote\u00e7\u00e3o aos que verdadeiramente produzem.<\/p>\n<p>Nascia, diante deste ato, o \u00f3dio perp\u00e9tuo das classes dominantes contra o trabalhismo, em especial, os abastados paulistas olig\u00e1rquicos, que se utilizavam da explora\u00e7\u00e3o da m\u00e3o de obra quase escrava para seu autoenriquecimento.<\/p>\n<p>A consolida\u00e7\u00e3o das leis trabalhistas tamb\u00e9m representou um duro golpe aos filhos das Capitanias Heredit\u00e1rias. Um salto gigantesco para emancipa\u00e7\u00e3o da classe trabalhadora, e direitos como: f\u00e9rias, d\u00e9cimo terceiro sal\u00e1rio, jornada de trabalho definida, licen\u00e7a maternidade, entre outros foram aplicados.<\/p>\n<p>Outro filho ilustre do Trabalhismo que teve um relevante papel desempenhado no Minist\u00e9rio do Trabalho foi Jo\u00e3o Goulart, onde contrariando ferrenhamente os abastados, promoveu um aumento de 100% no valor do sal\u00e1rio m\u00ednimo \u00e0 \u00e9poca. Jamais Jango foi absolvido. Sofrera um golpe de Estado quando era presidente da Rep\u00fablica.<\/p>\n<p>Esses s\u00e3o apenas alguns fatos que marcam o Minist\u00e9rio do Trabalho, com sua import\u00e2ncia para o Brasil e para os trabalhadores.<\/p>\n<p>O apequenamento e sua decomposi\u00e7\u00e3o s\u00f3 servem aos interesses esp\u00farios de quem quer escravizar, novamente, o trabalhador brasileiro. S\u00f3 servem a quem quer retirar direitos, e se locupletam com o retrocesso do Brasil.<br \/>\nFruto do que h\u00e1 de mais atrasado, esse governo ileg\u00edtimo \u00e9 respons\u00e1vel por essa situa\u00e7\u00e3o de degrada\u00e7\u00e3o do Minist\u00e9rio do Trabalho, como tamb\u00e9m pela precariza\u00e7\u00e3o do trabalho no nosso pa\u00eds.<\/p>\n<p>Respeitem o trabalhador!<br \/>\nRespeitem o Minist\u00e9rio do Trabalho!<br \/>\nRespeitem o Brasil!<\/p>\n<p>&nbsp;<\/p>\n<p><em><strong>*Manoel Dias \u00e9 presidente da Funda\u00e7\u00e3o Leonel Brizola- Alberto Pasqualini e ex- Ministro do Trabalho e emprego.<\/strong><\/em><\/p>\n<!-- AddThis Advanced Settings generic via filter on the_content --><!-- AddThis Share Buttons generic via filter on the_content -->","protected":false},"excerpt":{"rendered":"<p>A condu\u00e7\u00e3o que o governo ileg\u00edtimo tem dado ao Minist\u00e9rio do Trabalho \u00e9 ultrajante \u00e0 classe trabalhadora, ao povo brasileiro, e \u00e0 mem\u00f3ria dos que o edificaram. Se n\u00e3o bastasse o crime de lesa-trabalhador, por conta da reforma trabalhista, que apenas retirou direitos j\u00e1 consagrados, agora o presidente Michel Temer humilha o Minist\u00e9rio do Trabalho,&#8230;<!-- AddThis Advanced Settings generic via filter on wp_trim_excerpt --><!-- AddThis Share Buttons generic via filter on wp_trim_excerpt --><\/p>\n","protected":false},"author":17,"featured_media":58419,"comment_status":"closed","ping_status":"closed","sticky":false,"template":"","format":"standard","meta":{"_monsterinsights_skip_tracking":false,"_monsterinsights_sitenote_active":false,"_monsterinsights_sitenote_note":"","_monsterinsights_sitenote_category":0,"_uf_show_specific_survey":0,"_uf_disable_surveys":false,"footnotes":""},"categories":[1584,1390],"tags":[437,514,591,1525],"class_list":["post-58418","post","type-post","status-publish","format-standard","has-post-thumbnail","hentry","category-artigos","category-editorias","tag-getulio-vargas","tag-joao-goulart","tag-manoel-dias","tag-ministerio-do-trabalho"],"acf":[],"_links":{"self":[{"href":"https:\/\/pdt-rj.org.br\/index.php\/wp-json\/wp\/v2\/posts\/58418","targetHints":{"allow":["GET"]}}],"collection":[{"href":"https:\/\/pdt-rj.org.br\/index.php\/wp-json\/wp\/v2\/posts"}],"about":[{"href":"https:\/\/pdt-rj.org.br\/index.php\/wp-json\/wp\/v2\/types\/post"}],"author":[{"embeddable":true,"href":"https:\/\/pdt-rj.org.br\/index.php\/wp-json\/wp\/v2\/users\/17"}],"replies":[{"embeddable":true,"href":"https:\/\/pdt-rj.org.br\/index.php\/wp-json\/wp\/v2\/comments?post=58418"}],"version-history":[{"count":3,"href":"https:\/\/pdt-rj.org.br\/index.php\/wp-json\/wp\/v2\/posts\/58418\/revisions"}],"predecessor-version":[{"id":58569,"href":"https:\/\/pdt-rj.org.br\/index.php\/wp-json\/wp\/v2\/posts\/58418\/revisions\/58569"}],"wp:featuredmedia":[{"embeddable":true,"href":"https:\/\/pdt-rj.org.br\/index.php\/wp-json\/wp\/v2\/media\/58419"}],"wp:attachment":[{"href":"https:\/\/pdt-rj.org.br\/index.php\/wp-json\/wp\/v2\/media?parent=58418"}],"wp:term":[{"taxonomy":"category","embeddable":true,"href":"https:\/\/pdt-rj.org.br\/index.php\/wp-json\/wp\/v2\/categories?post=58418"},{"taxonomy":"post_tag","embeddable":true,"href":"https:\/\/pdt-rj.org.br\/index.php\/wp-json\/wp\/v2\/tags?post=58418"}],"curies":[{"name":"wp","href":"https:\/\/api.w.org\/{rel}","templated":true}]}}