{"id":58403,"date":"2018-01-30T19:35:56","date_gmt":"2018-01-30T21:35:56","guid":{"rendered":"http:\/\/pdt-rj.org.br\/?p=58403"},"modified":"2018-02-05T19:38:19","modified_gmt":"2018-02-05T21:38:19","slug":"bloco-orfaos-do-brizola-leva-critica-social-para-o-carnaval-do-rio-de-janeiro","status":"publish","type":"post","link":"https:\/\/pdt-rj.org.br\/index.php\/bloco-orfaos-do-brizola-leva-critica-social-para-o-carnaval-do-rio-de-janeiro\/","title":{"rendered":"Bloco &#8220;\u00d3rf\u00e3os do Brizola\u201d leva cr\u00edtica social para o carnaval do Rio de Janeiro"},"content":{"rendered":"<p>\u201cFora Temer e leve a Cristiane Brasil com voc\u00ea!\u201d. \u00c9 com esse tema que o PDT do Rio de Janeiro promete politizar o carnaval carioca no melhor estilo Trabalhista. Revitalizado pela Funda\u00e7\u00e3o Leonel Brizola \u2013 Alberto Pasqualini (FLB-AP) e pela Juventude Socialista, neste ano, o bloco carnavalesco \u201c\u00d3rf\u00e3os do Brizola\u201d traz para a folia irrever\u00eancia com cr\u00edtica social, totalmente conectado ao atual momento pol\u00edtico vivido no Pa\u00eds.<\/p>\n<p>O bloco nasceu em 2005, oito meses ap\u00f3s a morte do l\u00edder Leonel Brizola, quando um grupo de pedetistas decidiu comemorar, juntos, o carnaval. O nome \u201c\u00d3rf\u00e3os do Brizola\u201d, inclusive, foi um apelido dado pela imprensa da \u00e9poca.<\/p>\n<p>No in\u00edcio, o bloco n\u00e3o foi bem recebido dentro do partido, ainda em luto pela morte do l\u00edder. Ao longo dos anos, no entanto, a iniciativa passou por uma evolu\u00e7\u00e3o, trazendo em sua ess\u00eancia uma oportunidade de disseminar a ideologia Trabalhista.<\/p>\n<p>\u201cN\u00f3s entendemos que ficamos \u00f3rf\u00e3os, significativamente, mas, ao mesmo tempo, herdamos o legado das lutas de Brizola, e foi a partir da\u00ed que demos um sentido positivo ao nome do bloco\u201d, explica o presidente da FLB-AP\/RJ, Everton Gomes.<\/p>\n<p>A defini\u00e7\u00e3o, segundo ele, aconteceu ap\u00f3s a decis\u00e3o de relan\u00e7ar a Brizol\u00e2ndia, que ser\u00e1 realizada no dia 12 de cada m\u00eas. Como a data da pr\u00f3xima a\u00e7\u00e3o seria na segunda-feira de carnaval, os dirigentes pedetistas reconheceram a oportunidade de, ao inv\u00e9s de um ato meramente pol\u00edtico, levar cr\u00edtica social ao carnaval, por meio do\u00a0\u201c\u00d3rf\u00e3os do Brizola\u201d.<\/p>\n<p>\u201cA decis\u00e3o foi alavancada pela parceria entre os movimentos pedetistas e o esp\u00edrito mais engajado da JS. A ideia \u00e9 curtir a folia e protestar, resgatando o verdadeiro esp\u00edrito brizolista no Rio de Janeiro\u201d, afirma Everton.<\/p>\n<p><strong>O bloco ser\u00e1 lan\u00e7ado na sexta-feira (9), das 16h \u00e0s 20h, em frente \u00e0 sede da Funda\u00e7\u00e3o Leonel Brizola &#8211; Alberto Pasqualini, na Pra\u00e7a Tiradentes, Rio de Janeiro.<\/strong><\/p>\n<!-- AddThis Advanced Settings generic via filter on the_content --><!-- AddThis Share Buttons generic via filter on the_content -->","protected":false},"excerpt":{"rendered":"<p>\u201cFora Temer e leve a Cristiane Brasil com voc\u00ea!\u201d. \u00c9 com esse tema que o PDT do Rio de Janeiro promete politizar o carnaval carioca no melhor estilo Trabalhista. Revitalizado pela Funda\u00e7\u00e3o Leonel Brizola \u2013 Alberto Pasqualini (FLB-AP) e pela Juventude Socialista, neste ano, o bloco carnavalesco \u201c\u00d3rf\u00e3os do Brizola\u201d traz para a folia irrever\u00eancia&#8230;<!-- AddThis Advanced Settings generic via filter on wp_trim_excerpt --><!-- AddThis Share Buttons generic via filter on wp_trim_excerpt --><\/p>\n","protected":false},"author":17,"featured_media":58404,"comment_status":"closed","ping_status":"closed","sticky":false,"template":"","format":"standard","meta":{"_monsterinsights_skip_tracking":false,"_monsterinsights_sitenote_active":false,"_monsterinsights_sitenote_note":"","_monsterinsights_sitenote_category":0,"_uf_show_specific_survey":0,"_uf_disable_surveys":false,"footnotes":""},"categories":[1390,1402],"tags":[408,2791,426,565,2790,38,1985],"class_list":["post-58403","post","type-post","status-publish","format-standard","has-post-thumbnail","hentry","category-editorias","category-cidades","tag-flb-ap","tag-fora-temer-e-leve-a-cristiane-brasil","tag-fundacao-leonel-brizola-alberto-pasqualini","tag-leonel-brizola","tag-orfaos-do-brizola","tag-pdt","tag-trabalhista"],"acf":[],"_links":{"self":[{"href":"https:\/\/pdt-rj.org.br\/index.php\/wp-json\/wp\/v2\/posts\/58403","targetHints":{"allow":["GET"]}}],"collection":[{"href":"https:\/\/pdt-rj.org.br\/index.php\/wp-json\/wp\/v2\/posts"}],"about":[{"href":"https:\/\/pdt-rj.org.br\/index.php\/wp-json\/wp\/v2\/types\/post"}],"author":[{"embeddable":true,"href":"https:\/\/pdt-rj.org.br\/index.php\/wp-json\/wp\/v2\/users\/17"}],"replies":[{"embeddable":true,"href":"https:\/\/pdt-rj.org.br\/index.php\/wp-json\/wp\/v2\/comments?post=58403"}],"version-history":[{"count":7,"href":"https:\/\/pdt-rj.org.br\/index.php\/wp-json\/wp\/v2\/posts\/58403\/revisions"}],"predecessor-version":[{"id":58493,"href":"https:\/\/pdt-rj.org.br\/index.php\/wp-json\/wp\/v2\/posts\/58403\/revisions\/58493"}],"wp:featuredmedia":[{"embeddable":true,"href":"https:\/\/pdt-rj.org.br\/index.php\/wp-json\/wp\/v2\/media\/58404"}],"wp:attachment":[{"href":"https:\/\/pdt-rj.org.br\/index.php\/wp-json\/wp\/v2\/media?parent=58403"}],"wp:term":[{"taxonomy":"category","embeddable":true,"href":"https:\/\/pdt-rj.org.br\/index.php\/wp-json\/wp\/v2\/categories?post=58403"},{"taxonomy":"post_tag","embeddable":true,"href":"https:\/\/pdt-rj.org.br\/index.php\/wp-json\/wp\/v2\/tags?post=58403"}],"curies":[{"name":"wp","href":"https:\/\/api.w.org\/{rel}","templated":true}]}}