{"id":58385,"date":"2018-01-29T13:28:48","date_gmt":"2018-01-29T15:28:48","guid":{"rendered":"http:\/\/pdt-rj.org.br\/?p=58385"},"modified":"2018-01-31T22:07:25","modified_gmt":"2018-02-01T00:07:25","slug":"29-de-janeiro-dia-da-visibilidade-trans-que-permanecem-invisiveis","status":"publish","type":"post","link":"https:\/\/pdt-rj.org.br\/index.php\/29-de-janeiro-dia-da-visibilidade-trans-que-permanecem-invisiveis\/","title":{"rendered":"29 de janeiro: \u201cDia da Visibilidade Trans\u201d, que permanecem invis\u00edveis"},"content":{"rendered":"<p>Das lutas ao dia da visibilidade de pessoas travestis e transexuais muito se tem a relatar, mas pontual se faz lembrar o porqu\u00ea dessa data ser lembrada, O dia foi escolhido em 2004, quando, pela primeira vez na historia do pa\u00eds, travestis e transexuais estiveram no Congresso Nacional, para falar aos parlamentares sobre si, transpondo o estigma da prostitui\u00e7\u00e3o, \u00e0 qual muitas s\u00e3o levadas como meio de subsist\u00eancia pela sociedade \u201ccis-hetero-normativa\u201d, mostrando de fato sua presen\u00e7a na sociedade e que eram dignas de ser tratadas como cidad\u00e3s.<\/p>\n<p>Vale ainda ressaltar que muitas foram aquelas que lutaram para que essa inser\u00e7\u00e3o e reconhecimento acontecesse: a artista Rog\u00e9ria, que ficou famosa por suas apresenta\u00e7\u00f5es no teatro e televis\u00e3o, Claudia Wonder, cantora de rock na d\u00e9cada de 80, Phedra de C\u00f3rdoba, que se apresenta no grupo brasileiro \u201cSatyros\u201d, Nana Voguel, a \u201ceterna miss\u201d, L\u00edvia Mendon\u00e7a, a travesti cantora do \u201c\u00cddolos\u201d, Paula Sabatine, Divina Aloma, Marcinha do Corintho, Weluma Brow, a \u00fanica chacrete travesti, que lutou contra a ditadura civil-militar e minha amiga pessoal, da qual guardo imensas recorda\u00e7\u00f5es e relatos dos tempos sombrios para nossos pares no Brasil, entre tantas outras que lutaram e ainda lutam por visibilidade.<\/p>\n<p>\u00c9 f\u00e1cil, quando n\u00e3o se vive na pele que habitamos, ler e fazer compara\u00e7\u00f5es sobre o dia de hoje, esquecendo-se da representatividade que essa data de fato possui para aquelas que ainda sofrem na pele o desrespeito e desprezo social, vivendo na invisibilidade e marginaliza\u00e7\u00e3o, tendo cerca de 90% de sua popula\u00e7\u00e3o como meio de subsist\u00eancia a prostitui\u00e7\u00e3o, invis\u00edveis pelas madrugadas, escondidas na sociedade por sua condi\u00e7\u00e3o.<\/p>\n<p>Mesmo buscando visibilidade, pouco temos do que nos orgulhar, j\u00e1 que ainda nosso reconhecimento como seres sociais n\u00e3o fora efetivo e sobrevivemos em sociedade com parcos avan\u00e7os \u2013 dados como concess\u00f5es e\/ou vistas de benef\u00edcios \u2013 mas ainda seguimos lutando. Importante lembrar que o Brasil continua no ranking mundial de pa\u00edses que mais assassinam pessoas travestis e transexuais, estando como primeiro colocado por 7 anos consecutivos, n\u00fameros esses que n\u00e3o assustam \u00e0quelas que conhecem e vivenciam a discrimina\u00e7\u00e3o e o preconceito todos os dias.<\/p>\n<p>Assassinar n\u00e3o \u00e9 apenas tirar a vida com uma arma de fogo, peda\u00e7o de pau, armas brancas ou afins, mas tamb\u00e9m desrespeitar a identidade de g\u00eanero dessas pessoas significa mat\u00e1-les aos poucos, todos os dias. Quando nos referimos de maneira jocosa ou incorreta, denominando A travesti por o ou O homem transexual por a, n\u00e3o respeitando o nome no qual essa pessoa \u2013 travesti ou transexual \u2013 se identifica, tamb\u00e9m a\u00ed cometemos assassinato \u2013 podendo ser considerado o mais cruel de todos \u2013 assassinamos sua identidade, seu ser, sua ess\u00eancia e sua humanidade, o que pode gerar uma ferida psicol\u00f3gica incur\u00e1vel, t\u00e3o dolorosa. Causa esta que leva muites ao suic\u00eddio.<\/p>\n<p>Essa modalidade de assassinato social continua ocorrendo todos os dias na vida dessa popula\u00e7\u00e3o, pela fam\u00edlia, amigos, mercado de trabalho, ambiente escolar, social e, consequentemente, a marginaliza\u00e7\u00e3o desses indiv\u00edduos que deveriam ser vis\u00edveis, mas permanecem invis\u00edveis em nossa sociedade, continuando com nossa expectativa de vida em 35 anos, quando da popula\u00e7\u00e3o brasileira \u00e9 de 70 anos.<\/p>\n<p>Temos sim coisas a comemorar, mas devemos existir, n\u00e3o mais subsistir. Termos nossos direitos garantidos como os de qualquer cidad\u00e3o, o direito de ser quem somos e respeitades como tais. Mas resili\u00eancia faz parte de nossa hist\u00f3ria e esta tatuada em nossa pele, vestidas de salto alto ou gravata, quebrando as regras sociais conservadoras dominantes, destoando da bilogia heteronormativa e seguindo, militando para que esse \u201cDia da Visibilidade Trans\u201d seja de fato um dia que possamos comemorar os nossos direitos, sem distin\u00e7\u00e3o, de sermos quem somos, com respeitabilidade e igualdade social.<\/p>\n<p>&nbsp;<\/p>\n<p>&nbsp;<\/p>\n<p><strong><em>*Amanda Anderson \u00e9 mulher transexual, presidente nacional do PDT Diversidade, primeira transexual Vice Presidente MT\/MS da Uni\u00e3o Nacional dos Estudantes, bacharel em Secretariado Executivo Bilingue e Direito, integrante da RedeTrans Brasil, ex Conselheira da Diversidade Sexual do Mato Grosso do Sul (MS), ex Assistente Jur\u00eddica do Centro de Refer\u00eancias em Direitos Humanos de Preven\u00e7\u00e3o e Combate \u00e0 Homofobia do MS, al\u00e9m de primeira transexual a comandar um movimento partid\u00e1rio da Am\u00e9rica Latina.<\/em><\/strong><\/p>\n<!-- AddThis Advanced Settings generic via filter on the_content --><!-- AddThis Share Buttons generic via filter on the_content -->","protected":false},"excerpt":{"rendered":"<p>Das lutas ao dia da visibilidade de pessoas travestis e transexuais muito se tem a relatar, mas pontual se faz lembrar o porqu\u00ea dessa data ser lembrada, O dia foi escolhido em 2004, quando, pela primeira vez na historia do pa\u00eds, travestis e transexuais estiveram no Congresso Nacional, para falar aos parlamentares sobre si, transpondo&#8230;<!-- AddThis Advanced Settings generic via filter on wp_trim_excerpt --><!-- AddThis Share Buttons generic via filter on wp_trim_excerpt --><\/p>\n","protected":false},"author":17,"featured_media":58388,"comment_status":"closed","ping_status":"closed","sticky":false,"template":"","format":"standard","meta":{"_monsterinsights_skip_tracking":false,"_monsterinsights_sitenote_active":false,"_monsterinsights_sitenote_note":"","_monsterinsights_sitenote_category":0,"_uf_show_specific_survey":0,"_uf_disable_surveys":false,"footnotes":""},"categories":[1584,1390],"tags":[38,59],"class_list":["post-58385","post","type-post","status-publish","format-standard","has-post-thumbnail","hentry","category-artigos","category-editorias","tag-pdt","tag-pdt-diversidade"],"acf":[],"_links":{"self":[{"href":"https:\/\/pdt-rj.org.br\/index.php\/wp-json\/wp\/v2\/posts\/58385","targetHints":{"allow":["GET"]}}],"collection":[{"href":"https:\/\/pdt-rj.org.br\/index.php\/wp-json\/wp\/v2\/posts"}],"about":[{"href":"https:\/\/pdt-rj.org.br\/index.php\/wp-json\/wp\/v2\/types\/post"}],"author":[{"embeddable":true,"href":"https:\/\/pdt-rj.org.br\/index.php\/wp-json\/wp\/v2\/users\/17"}],"replies":[{"embeddable":true,"href":"https:\/\/pdt-rj.org.br\/index.php\/wp-json\/wp\/v2\/comments?post=58385"}],"version-history":[{"count":5,"href":"https:\/\/pdt-rj.org.br\/index.php\/wp-json\/wp\/v2\/posts\/58385\/revisions"}],"predecessor-version":[{"id":58435,"href":"https:\/\/pdt-rj.org.br\/index.php\/wp-json\/wp\/v2\/posts\/58385\/revisions\/58435"}],"wp:featuredmedia":[{"embeddable":true,"href":"https:\/\/pdt-rj.org.br\/index.php\/wp-json\/wp\/v2\/media\/58388"}],"wp:attachment":[{"href":"https:\/\/pdt-rj.org.br\/index.php\/wp-json\/wp\/v2\/media?parent=58385"}],"wp:term":[{"taxonomy":"category","embeddable":true,"href":"https:\/\/pdt-rj.org.br\/index.php\/wp-json\/wp\/v2\/categories?post=58385"},{"taxonomy":"post_tag","embeddable":true,"href":"https:\/\/pdt-rj.org.br\/index.php\/wp-json\/wp\/v2\/tags?post=58385"}],"curies":[{"name":"wp","href":"https:\/\/api.w.org\/{rel}","templated":true}]}}