{"id":58346,"date":"2018-01-23T18:12:50","date_gmt":"2018-01-23T20:12:50","guid":{"rendered":"http:\/\/pdt-rj.org.br\/?p=58346"},"modified":"2018-01-23T18:12:50","modified_gmt":"2018-01-23T20:12:50","slug":"sob-a-inspiracao-de-brizola-vamos-preparar-ciro-para-ser-presidente-afirma-lupi","status":"publish","type":"post","link":"https:\/\/pdt-rj.org.br\/index.php\/sob-a-inspiracao-de-brizola-vamos-preparar-ciro-para-ser-presidente-afirma-lupi\/","title":{"rendered":"\u201cSob a inspira\u00e7\u00e3o de Brizola, vamos preparar Ciro para ser presidente\u201d, afirma Lupi"},"content":{"rendered":"<p>O PDT e a Funda\u00e7\u00e3o Leonel Brizola \u2013 Alberto Pasqualini (FLB-AP) promoveram ontem (22), na capital do Rio, a tradicional missa e ato pol\u00edtico em homenagem ao ex-governador Leonel Brizola, que completaria 96 anos.<\/p>\n<p>Liderada pelo presidente nacional da sigla, Carlos Lupi, a cerim\u00f4nia mobilizou parlamentares e a milit\u00e2ncia de todo o estado. Nos discursos, valorizaram o legado brizolista n\u00e3o s\u00f3 nas regi\u00f5es fluminenses, mas pelo pa\u00eds, bem como refor\u00e7aram o compromisso com a defesa do processo democr\u00e1tico.<\/p>\n<p>\u201cHoje tem um simbolismo especial para todo trabalhista, pedestista e brizolista. \u00c9 o dia do nascimento da maior refer\u00eancia que n\u00f3s conseguimos conviver na hist\u00f3ria republicana brasileira: Leonel de Moura Brizola\u201d, afirmou Lupi.<\/p>\n<p>\u201cEle est\u00e1 iluminando a gente, neste momento, para firmar suas ideias, a soberania nacional, a defesa intransigente do direto do trabalhador, a educa\u00e7\u00e3o de tempo integral e uma p\u00e1tria que seja verdadeiramente do povo brasileiro. Esse \u00e9 o desafio para 2018\u201d, completou.<\/p>\n<p>Sobre o ano eleitoral, Lupi fez uma proje\u00e7\u00e3o otimista sobre o cen\u00e1rio nacional: \u201cSob a inspira\u00e7\u00e3o de Brizola, vamos preparar Ciro Gomes para ser o presidente da Rep\u00fablica e, assim cumprir, na pr\u00e1tica, os sonhos, ideias e utopias deste grande patriota brasileiro\u201d, finalizou.<\/p>\n<p>O evento, que contou ainda com a participa\u00e7\u00e3o do vice-presidente estadual da Funda\u00e7\u00e3o, Everton Gomes, e da presidente nacional do Movimento dos Aposentados, Pensionistas e Idosos (Mapi), Maria Jos\u00e9 Latg\u00e9, foi encerrado ao som do cl\u00e1ssico hino da Independ\u00eancia.<\/p>\n<p>\u201cFelicidade de, mais uma vez celebrar o anivers\u00e1rio de Leonel Brizola, que \u00e9, para todos n\u00f3s, a grande refer\u00eancia pol\u00edtica deste pa\u00eds e de toda Am\u00e9rica Latina. \u00c9 a inspira\u00e7\u00e3o do PDT para seguir nas lutas para construir um Brasil melhor\u201d, afirmou Everton Gomes.<\/p>\n<!-- AddThis Advanced Settings generic via filter on the_content --><!-- AddThis Share Buttons generic via filter on the_content -->","protected":false},"excerpt":{"rendered":"<p>O PDT e a Funda\u00e7\u00e3o Leonel Brizola \u2013 Alberto Pasqualini (FLB-AP) promoveram ontem (22), na capital do Rio, a tradicional missa e ato pol\u00edtico em homenagem ao ex-governador Leonel Brizola, que completaria 96 anos. Liderada pelo presidente nacional da sigla, Carlos Lupi, a cerim\u00f4nia mobilizou parlamentares e a milit\u00e2ncia de todo o estado. Nos discursos,&#8230;<!-- AddThis Advanced Settings generic via filter on wp_trim_excerpt --><!-- AddThis Share Buttons generic via filter on wp_trim_excerpt --><\/p>\n","protected":false},"author":17,"featured_media":58347,"comment_status":"closed","ping_status":"closed","sticky":false,"template":"","format":"standard","meta":{"_monsterinsights_skip_tracking":false,"_monsterinsights_sitenote_active":false,"_monsterinsights_sitenote_note":"","_monsterinsights_sitenote_category":0,"_uf_show_specific_survey":0,"_uf_disable_surveys":false,"footnotes":""},"categories":[1390],"tags":[196,220,565,2276,38],"class_list":["post-58346","post","type-post","status-publish","format-standard","has-post-thumbnail","hentry","category-editorias","tag-carlos-lupi","tag-ciro-gomes","tag-leonel-brizola","tag-maria-jose-latge-kwamme","tag-pdt"],"acf":[],"_links":{"self":[{"href":"https:\/\/pdt-rj.org.br\/index.php\/wp-json\/wp\/v2\/posts\/58346","targetHints":{"allow":["GET"]}}],"collection":[{"href":"https:\/\/pdt-rj.org.br\/index.php\/wp-json\/wp\/v2\/posts"}],"about":[{"href":"https:\/\/pdt-rj.org.br\/index.php\/wp-json\/wp\/v2\/types\/post"}],"author":[{"embeddable":true,"href":"https:\/\/pdt-rj.org.br\/index.php\/wp-json\/wp\/v2\/users\/17"}],"replies":[{"embeddable":true,"href":"https:\/\/pdt-rj.org.br\/index.php\/wp-json\/wp\/v2\/comments?post=58346"}],"version-history":[{"count":1,"href":"https:\/\/pdt-rj.org.br\/index.php\/wp-json\/wp\/v2\/posts\/58346\/revisions"}],"predecessor-version":[{"id":58348,"href":"https:\/\/pdt-rj.org.br\/index.php\/wp-json\/wp\/v2\/posts\/58346\/revisions\/58348"}],"wp:featuredmedia":[{"embeddable":true,"href":"https:\/\/pdt-rj.org.br\/index.php\/wp-json\/wp\/v2\/media\/58347"}],"wp:attachment":[{"href":"https:\/\/pdt-rj.org.br\/index.php\/wp-json\/wp\/v2\/media?parent=58346"}],"wp:term":[{"taxonomy":"category","embeddable":true,"href":"https:\/\/pdt-rj.org.br\/index.php\/wp-json\/wp\/v2\/categories?post=58346"},{"taxonomy":"post_tag","embeddable":true,"href":"https:\/\/pdt-rj.org.br\/index.php\/wp-json\/wp\/v2\/tags?post=58346"}],"curies":[{"name":"wp","href":"https:\/\/api.w.org\/{rel}","templated":true}]}}