{"id":58330,"date":"2018-01-22T10:57:55","date_gmt":"2018-01-22T12:57:55","guid":{"rendered":"http:\/\/pdt-rj.org.br\/?p=58330"},"modified":"2018-02-05T15:55:16","modified_gmt":"2018-02-05T17:55:16","slug":"ciro-defende-justica-e-diz-que-poder-ainda-deve-merecer-o-respeito-institucional-da-nacao","status":"publish","type":"post","link":"https:\/\/pdt-rj.org.br\/index.php\/ciro-defende-justica-e-diz-que-poder-ainda-deve-merecer-o-respeito-institucional-da-nacao\/","title":{"rendered":"Ciro defende Justi\u00e7a e diz que Poder  &#8220;ainda deve merecer o respeito institucional da na\u00e7\u00e3o&#8221;"},"content":{"rendered":"<p>O pr\u00e9-candidato do PDT \u00e0 presid\u00eancia da Rep\u00fablica, Ciro Gomes, usou <a href=\"https:\/\/www.facebook.com\/cirogomesoficial\/\">seu perfil<\/a> nas redes sociais neste domingo e fez seu primeiro pronunciamento em rela\u00e7\u00e3o ao julgamento do ex-presidente Lula &#8211; que acontece em 24 pr\u00f3ximo, no Tribunal Regional Federal da 4 Regi\u00e3o.<\/p>\n<p>Leia a \u00edntegra do texto.<\/p>\n<p>Dia 24 de janeiro \u00e9 o dia do julgamento da apela\u00e7\u00e3o de Lula contra a senten\u00e7a que o condenou em primeira inst\u00e2ncia.<\/p>\n<p>Tor\u00e7o para que seu recurso seja reconhecido pelo tribunal regional, \u00f3rg\u00e3o de segunda inst\u00e2ncia da Justi\u00e7a Federal, e ele seja declarado inocente.<\/p>\n<p>O Judici\u00e1rio brasileiro, assim como os outros poderes de nossa fr\u00e1gil Rep\u00fablica, tem graves defeitos &#8211; nunca me abstive de critic\u00e1-los &#8211; mas imagin\u00e1-lo parte org\u00e2nica de uma conspira\u00e7\u00e3o pol\u00edtica ofende a intelig\u00eancia m\u00e9dia do pa\u00eds e, pior, a consequ\u00eancia inevit\u00e1vel desta constata\u00e7\u00e3o teria desdobramentos t\u00e3o graves que a um democrata e republicano s\u00f3 restaria a insurg\u00eancia revolucion\u00e1ria. N\u00e3o creio, definitivamente nisto.<\/p>\n<p>\u00c9 definitivamente constrangedor e inexplic\u00e1vel que nenhum quadro relevante do PSDB esteja preso apesar de fartas e robustas evid\u00eancias de seu org\u00e2nico e ancestral envolvimento em corrup\u00e7\u00e3o. Mas n\u00e3o \u00e9 irrelevante que estejam presos quadros centrais do PMDB como Eduardo Cunha, Gedel Vieira Lima ou Henrique Alves. E que o pr\u00f3prio presidente Michel Temer tenha sido chamado pela Justi\u00e7a a responder por seus atos de corrup\u00e7\u00e3o, embora impedida, a mesma justi\u00e7a, de prosseguir na apura\u00e7\u00e3o, pelo poder politico subornado.<\/p>\n<p>O que quero dizer nesta hora cr\u00edtica \u00e9 que, apesar de seus graves problemas, a Justi\u00e7a brasileira ainda deve merecer o respeito institucional da na\u00e7\u00e3o. O oposto \u00e9 a baderna, a anarquia e, evidentemente, a viol\u00eancia.<\/p>\n<p>Que o Tribunal Regional de Porto Alegre compreenda a transcend\u00eancia de sua decis\u00e3o! Que, independentemente de press\u00f5es leg\u00edtimas ou esp\u00farias, afirme a JUSTI\u00c7A! Que tenha a for\u00e7a moral de afirmar a inoc\u00eancia de Lula no processo em quest\u00e3o, se como eu, n\u00e3o vislumbrar clara sua culpa.<\/p>\n<p>Que d\u00ea evid\u00eancias incontest\u00e1veis de sua culpa, caso assim entenda, de maneira que a qualquer do povo n\u00e3o reste duvidas e, assim, possa a Na\u00e7\u00e3o afirmar como o injusti\u00e7ado alem\u00e3o: h\u00e1 juizes em Berlim. E, apesar de tudo, tamb\u00e9m no nosso sofrido Brasil.<\/p>\n<!-- AddThis Advanced Settings generic via filter on the_content --><!-- AddThis Share Buttons generic via filter on the_content -->","protected":false},"excerpt":{"rendered":"<p>O pr\u00e9-candidato do PDT \u00e0 presid\u00eancia da Rep\u00fablica, Ciro Gomes, usou seu perfil nas redes sociais neste domingo e fez seu primeiro pronunciamento em rela\u00e7\u00e3o ao julgamento do ex-presidente Lula &#8211; que acontece em 24 pr\u00f3ximo, no Tribunal Regional Federal da 4 Regi\u00e3o. Leia a \u00edntegra do texto. Dia 24 de janeiro \u00e9 o dia&#8230;<!-- AddThis Advanced Settings generic via filter on wp_trim_excerpt --><!-- AddThis Share Buttons generic via filter on wp_trim_excerpt --><\/p>\n","protected":false},"author":17,"featured_media":41618,"comment_status":"closed","ping_status":"closed","sticky":false,"template":"","format":"standard","meta":{"_monsterinsights_skip_tracking":false,"_monsterinsights_sitenote_active":false,"_monsterinsights_sitenote_note":"","_monsterinsights_sitenote_category":0,"_uf_show_specific_survey":0,"_uf_disable_surveys":false,"footnotes":""},"categories":[1390],"tags":[],"class_list":["post-58330","post","type-post","status-publish","format-standard","has-post-thumbnail","hentry","category-editorias"],"acf":[],"_links":{"self":[{"href":"https:\/\/pdt-rj.org.br\/index.php\/wp-json\/wp\/v2\/posts\/58330","targetHints":{"allow":["GET"]}}],"collection":[{"href":"https:\/\/pdt-rj.org.br\/index.php\/wp-json\/wp\/v2\/posts"}],"about":[{"href":"https:\/\/pdt-rj.org.br\/index.php\/wp-json\/wp\/v2\/types\/post"}],"author":[{"embeddable":true,"href":"https:\/\/pdt-rj.org.br\/index.php\/wp-json\/wp\/v2\/users\/17"}],"replies":[{"embeddable":true,"href":"https:\/\/pdt-rj.org.br\/index.php\/wp-json\/wp\/v2\/comments?post=58330"}],"version-history":[{"count":6,"href":"https:\/\/pdt-rj.org.br\/index.php\/wp-json\/wp\/v2\/posts\/58330\/revisions"}],"predecessor-version":[{"id":58488,"href":"https:\/\/pdt-rj.org.br\/index.php\/wp-json\/wp\/v2\/posts\/58330\/revisions\/58488"}],"wp:featuredmedia":[{"embeddable":true,"href":"https:\/\/pdt-rj.org.br\/index.php\/wp-json\/wp\/v2\/media\/41618"}],"wp:attachment":[{"href":"https:\/\/pdt-rj.org.br\/index.php\/wp-json\/wp\/v2\/media?parent=58330"}],"wp:term":[{"taxonomy":"category","embeddable":true,"href":"https:\/\/pdt-rj.org.br\/index.php\/wp-json\/wp\/v2\/categories?post=58330"},{"taxonomy":"post_tag","embeddable":true,"href":"https:\/\/pdt-rj.org.br\/index.php\/wp-json\/wp\/v2\/tags?post=58330"}],"curies":[{"name":"wp","href":"https:\/\/api.w.org\/{rel}","templated":true}]}}