{"id":58298,"date":"2018-01-18T16:21:31","date_gmt":"2018-01-18T18:21:31","guid":{"rendered":"http:\/\/pdt-rj.org.br\/?p=58298"},"modified":"2018-01-18T19:06:18","modified_gmt":"2018-01-18T21:06:18","slug":"fundacao-leonel-brizola-promovera-capacitacao-de-liderancas-comunitarias-no-rio","status":"publish","type":"post","link":"https:\/\/pdt-rj.org.br\/index.php\/fundacao-leonel-brizola-promovera-capacitacao-de-liderancas-comunitarias-no-rio\/","title":{"rendered":"Funda\u00e7\u00e3o Leonel Brizola promover\u00e1 capacita\u00e7\u00e3o de lideran\u00e7as comunit\u00e1rias no Rio"},"content":{"rendered":"<p>A Funda\u00e7\u00e3o Leonel Brizola \u2013 Alberto Pasqualini (FLB-AP) do Rio de Janeiro realizar\u00e1 um curso para capacitar as lideran\u00e7as comunit\u00e1rias da regi\u00e3o. A decis\u00e3o foi tomada nesta quarta-feira (17), em reuni\u00e3o com representantes do Movimento Comunit\u00e1rio Trabalhista (MCT) e da Juventude Socialista (JS).<\/p>\n<p>Na primeira parte do encontro, conduzido pelo vice-presidente da FLB-AP\/RJ, Everton Gomes, o assunto foi a organiza\u00e7\u00e3o do MCT no estado, em di\u00e1logo com o presidente nacional do MCT, Jordaci Matos e a militante do MCT de S\u00e3o Gon\u00e7alo, Aparecida Godinho.<\/p>\n<p>J\u00e1 a discuss\u00e3o acerca da import\u00e2ncia de capacitar as novas lideran\u00e7as comunit\u00e1rias, proposta por Everton Gomes, tamb\u00e9m teve a contribui\u00e7\u00e3o do presidente nacional da JS, William Rodrigues, e de Lu\u00eds Moreira e Nat\u00e1lia Moraes, presidentes estadual e municipal da JS, respectivamente.<\/p>\n<p>&#8220;O di\u00e1logo da Funda\u00e7\u00e3o com os movimentos do partido auxilia no fortalecimento do partido e, neste sentido, ser\u00e1 feito um curso piloto, ainda neste trimestre, para capacitar as lideran\u00e7as comunit\u00e1rias&#8221;, explicou Everton Gomes.<\/p>\n<p>William Rodrigues reiterou que uma das fun\u00e7\u00f5es da Juventude Socialista \u00e9 gerar mecanismo para que os jovens tenham oportunidades e prometeu que a JS organizar\u00e1 seus quadros para participar desta iniciativa.<\/p>\n<p>J\u00e1 Jordaci Mattos afirmou que o curso vem de encontro com as expectativas do Movimento e rompe com as dificuldades de gerar novas lideran\u00e7as.<\/p>\n<p>\u201cO MCT tem enormes desafios, um deles \u00e9 capacitar pessoas para que realmente os lugares mais carentes se organizem politicamente e garantam seus direitos. Com a parceria da FLB-AP com nosso movimento, mais a importante ajuda da JS, as expectativas s\u00e3o a melhores poss\u00edveis. Podemos e vamos fazer a diferen\u00e7a&#8221;, conclui.<\/p>\n<!-- AddThis Advanced Settings generic via filter on the_content --><!-- AddThis Share Buttons generic via filter on the_content -->","protected":false},"excerpt":{"rendered":"<p>A Funda\u00e7\u00e3o Leonel Brizola \u2013 Alberto Pasqualini (FLB-AP) do Rio de Janeiro realizar\u00e1 um curso para capacitar as lideran\u00e7as comunit\u00e1rias da regi\u00e3o. A decis\u00e3o foi tomada nesta quarta-feira (17), em reuni\u00e3o com representantes do Movimento Comunit\u00e1rio Trabalhista (MCT) e da Juventude Socialista (JS). Na primeira parte do encontro, conduzido pelo vice-presidente da FLB-AP\/RJ, Everton Gomes,&#8230;<!-- AddThis Advanced Settings generic via filter on wp_trim_excerpt --><!-- AddThis Share Buttons generic via filter on wp_trim_excerpt --><\/p>\n","protected":false},"author":17,"featured_media":58300,"comment_status":"closed","ping_status":"closed","sticky":false,"template":"","format":"standard","meta":{"_monsterinsights_skip_tracking":false,"_monsterinsights_sitenote_active":false,"_monsterinsights_sitenote_note":"","_monsterinsights_sitenote_category":0,"_uf_show_specific_survey":0,"_uf_disable_surveys":false,"footnotes":""},"categories":[1390,1586,2605,1397],"tags":[1796,408,426,2601,2577,38,2395],"class_list":["post-58298","post","type-post","status-publish","format-standard","has-post-thumbnail","hentry","category-editorias","category-juventude-socialista","category-movimento-comunitario-trabalhista","category-movimentos","tag-everton-gomes","tag-flb-ap","tag-fundacao-leonel-brizola-alberto-pasqualini","tag-jordaci-matos","tag-movimento-comunitario-trabalhista","tag-pdt","tag-william-rodrigues"],"acf":[],"_links":{"self":[{"href":"https:\/\/pdt-rj.org.br\/index.php\/wp-json\/wp\/v2\/posts\/58298","targetHints":{"allow":["GET"]}}],"collection":[{"href":"https:\/\/pdt-rj.org.br\/index.php\/wp-json\/wp\/v2\/posts"}],"about":[{"href":"https:\/\/pdt-rj.org.br\/index.php\/wp-json\/wp\/v2\/types\/post"}],"author":[{"embeddable":true,"href":"https:\/\/pdt-rj.org.br\/index.php\/wp-json\/wp\/v2\/users\/17"}],"replies":[{"embeddable":true,"href":"https:\/\/pdt-rj.org.br\/index.php\/wp-json\/wp\/v2\/comments?post=58298"}],"version-history":[{"count":7,"href":"https:\/\/pdt-rj.org.br\/index.php\/wp-json\/wp\/v2\/posts\/58298\/revisions"}],"predecessor-version":[{"id":58319,"href":"https:\/\/pdt-rj.org.br\/index.php\/wp-json\/wp\/v2\/posts\/58298\/revisions\/58319"}],"wp:featuredmedia":[{"embeddable":true,"href":"https:\/\/pdt-rj.org.br\/index.php\/wp-json\/wp\/v2\/media\/58300"}],"wp:attachment":[{"href":"https:\/\/pdt-rj.org.br\/index.php\/wp-json\/wp\/v2\/media?parent=58298"}],"wp:term":[{"taxonomy":"category","embeddable":true,"href":"https:\/\/pdt-rj.org.br\/index.php\/wp-json\/wp\/v2\/categories?post=58298"},{"taxonomy":"post_tag","embeddable":true,"href":"https:\/\/pdt-rj.org.br\/index.php\/wp-json\/wp\/v2\/tags?post=58298"}],"curies":[{"name":"wp","href":"https:\/\/api.w.org\/{rel}","templated":true}]}}