{"id":58282,"date":"2018-01-17T19:23:19","date_gmt":"2018-01-17T21:23:19","guid":{"rendered":"http:\/\/pdt-rj.org.br\/?p=58282"},"modified":"2018-01-17T19:37:53","modified_gmt":"2018-01-17T21:37:53","slug":"fundacoes-preparam-documento-unitario-em-defesa-do-desenvolvimento-nacional","status":"publish","type":"post","link":"https:\/\/pdt-rj.org.br\/index.php\/fundacoes-preparam-documento-unitario-em-defesa-do-desenvolvimento-nacional\/","title":{"rendered":"Funda\u00e7\u00f5es preparam documento unit\u00e1rio em defesa do desenvolvimento nacional"},"content":{"rendered":"<p>As funda\u00e7\u00f5es do PDT, PCdoB, PSB e PT debateram a reda\u00e7\u00e3o de um documento com as ideias program\u00e1ticas para um novo projeto nacional de desenvolvimento. A discuss\u00e3o aconteceu em encontro realizando na Funda\u00e7\u00e3o Maur\u00edcio Grabois, em S\u00e3o Paulo, com a presen\u00e7a do presidente da Funda\u00e7\u00e3o Leonel Brizola-Alberto Pasqualini (FLB-AP), Manoel Dias, que tamb\u00e9m \u00e9 secret\u00e1rio-geral nacional do PDT.<\/p>\n<p>O presidente da Funda\u00e7\u00e3o Perseu Abramo, M\u00e1rcio Pochmann, da Funda\u00e7\u00e3o Maur\u00edcio Grambois (PCdoB), Renato Rabelo, e da Funda\u00e7\u00e3o Jo\u00e3o Mangabeira (PSB), Renato Casagrande, tamb\u00e9m estiveram no encontro, que \u00e9 um desdobramento da oficina realizada por este mesmo elenco no final de 2017, em Bras\u00edlia.<\/p>\n<p>O documento traz as diretrizes para a elabora\u00e7\u00e3o de um novo projeto nacional de desenvolvimento a partir de tarefas imediatas referentes \u00e0 luta para um novo ciclo pol\u00edtico no Pa\u00eds. O objetivo \u00e9 fomentar um amplo di\u00e1logo entre os setores sociais, econ\u00f4micos, pol\u00edticos e culturais, incorporando ideias convergentes.<\/p>\n<p>No entendimento dos presidentes das funda\u00e7\u00f5es, o documento, ainda em fase de constru\u00e7\u00e3o, \u00e9 um ponto de partida para um trabalho coletivo, desenvolvido a partir da ades\u00e3o de novos agentes pol\u00edticos. Para eles, apesar das adversidades, o Brasil tem plenas condi\u00e7\u00f5es de superar a crise que o assola.<\/p>\n<p>Para Manoel Dias, a iniciativa permitir\u00e1 a formula\u00e7\u00e3o de novas ideias ante de um cen\u00e1rio reflete uma amea\u00e7a \u00e0 democracia.<\/p>\n<p>\u201cA nossa uni\u00e3o permitir\u00e1 o efetivo combate ao neoliberalismo selvagem que vemos impactar a sociedade e dominar o governo Temer. Representando o PDT, reafirmo o compromisso de lutar pelas causas do Trabalhismo, que foram fortalecidas pelo empenho de l\u00edderes como Leonel Brizola, Get\u00falio Vargas e Jo\u00e3o Goulart\u201d, afirmou o pedetista.<\/p>\n<p><strong>Divulga\u00e7\u00e3o<\/strong><\/p>\n<p>Ap\u00f3s o ajuste final do texto, as Funda\u00e7\u00f5es pretendem realizar uma entrevista coletiva sobre o conte\u00fado do documento, em Bras\u00edlia, na C\u00e2mara dos Deputados, ap\u00f3s o per\u00edodo de Carnaval, com presen\u00e7a de lideran\u00e7as. Outro espa\u00e7o de debate sobre o tema do documento ser\u00e1 no F\u00f3rum Social Mundial (FSM) que ocorrer\u00e1 entre 13 e 17 de mar\u00e7o, em Salvador (BA).<\/p>\n<!-- AddThis Advanced Settings generic via filter on the_content --><!-- AddThis Share Buttons generic via filter on the_content -->","protected":false},"excerpt":{"rendered":"<p>As funda\u00e7\u00f5es do PDT, PCdoB, PSB e PT debateram a reda\u00e7\u00e3o de um documento com as ideias program\u00e1ticas para um novo projeto nacional de desenvolvimento. A discuss\u00e3o aconteceu em encontro realizando na Funda\u00e7\u00e3o Maur\u00edcio Grabois, em S\u00e3o Paulo, com a presen\u00e7a do presidente da Funda\u00e7\u00e3o Leonel Brizola-Alberto Pasqualini (FLB-AP), Manoel Dias, que tamb\u00e9m \u00e9 secret\u00e1rio-geral&#8230;<!-- AddThis Advanced Settings generic via filter on wp_trim_excerpt --><!-- AddThis Share Buttons generic via filter on wp_trim_excerpt --><\/p>\n","protected":false},"author":17,"featured_media":58283,"comment_status":"closed","ping_status":"closed","sticky":false,"template":"","format":"standard","meta":{"_monsterinsights_skip_tracking":false,"_monsterinsights_sitenote_active":false,"_monsterinsights_sitenote_note":"","_monsterinsights_sitenote_category":0,"_uf_show_specific_survey":0,"_uf_disable_surveys":false,"footnotes":""},"categories":[976],"tags":[2763,426,591],"class_list":["post-58282","post","type-post","status-publish","format-standard","has-post-thumbnail","hentry","category-noticias-em-destaque","tag-forum-social-mundia","tag-fundacao-leonel-brizola-alberto-pasqualini","tag-manoel-dias"],"acf":[],"_links":{"self":[{"href":"https:\/\/pdt-rj.org.br\/index.php\/wp-json\/wp\/v2\/posts\/58282","targetHints":{"allow":["GET"]}}],"collection":[{"href":"https:\/\/pdt-rj.org.br\/index.php\/wp-json\/wp\/v2\/posts"}],"about":[{"href":"https:\/\/pdt-rj.org.br\/index.php\/wp-json\/wp\/v2\/types\/post"}],"author":[{"embeddable":true,"href":"https:\/\/pdt-rj.org.br\/index.php\/wp-json\/wp\/v2\/users\/17"}],"replies":[{"embeddable":true,"href":"https:\/\/pdt-rj.org.br\/index.php\/wp-json\/wp\/v2\/comments?post=58282"}],"version-history":[{"count":5,"href":"https:\/\/pdt-rj.org.br\/index.php\/wp-json\/wp\/v2\/posts\/58282\/revisions"}],"predecessor-version":[{"id":58288,"href":"https:\/\/pdt-rj.org.br\/index.php\/wp-json\/wp\/v2\/posts\/58282\/revisions\/58288"}],"wp:featuredmedia":[{"embeddable":true,"href":"https:\/\/pdt-rj.org.br\/index.php\/wp-json\/wp\/v2\/media\/58283"}],"wp:attachment":[{"href":"https:\/\/pdt-rj.org.br\/index.php\/wp-json\/wp\/v2\/media?parent=58282"}],"wp:term":[{"taxonomy":"category","embeddable":true,"href":"https:\/\/pdt-rj.org.br\/index.php\/wp-json\/wp\/v2\/categories?post=58282"},{"taxonomy":"post_tag","embeddable":true,"href":"https:\/\/pdt-rj.org.br\/index.php\/wp-json\/wp\/v2\/tags?post=58282"}],"curies":[{"name":"wp","href":"https:\/\/api.w.org\/{rel}","templated":true}]}}