{"id":58233,"date":"2018-01-12T19:04:47","date_gmt":"2018-01-12T21:04:47","guid":{"rendered":"http:\/\/pdt-rj.org.br\/?p=58233"},"modified":"2018-01-13T02:46:16","modified_gmt":"2018-01-13T04:46:16","slug":"queremos-um-julgamento-justo-e-imparcial-afirma-lupi","status":"publish","type":"post","link":"https:\/\/pdt-rj.org.br\/index.php\/queremos-um-julgamento-justo-e-imparcial-afirma-lupi\/","title":{"rendered":"&#8220;Queremos um julgamento justo e imparcial&#8221;, afirma Lupi"},"content":{"rendered":"<p>Carlos Lupi, presidente nacional do PDT, afirma que julgamento de Lula deve ser justo e imparcial. &#8220;N\u00f3s do PDT queremos que todos sejam investigados, em qualquer n\u00edvel&#8230; O que n\u00e3o pode \u00e9 se transformar um julgamento em palaque, para destruir imagens e fazer locu\u00e7\u00f5es pol\u00edticas&#8221;, argumenta Lupi.<\/p>\n<p>Assista ao v\u00eddeo:<\/p>\n<p><iframe loading=\"lazy\" title=\"&quot;Queremos uma Justi\u00e7a imparcial&quot;, Carlos Lupi\" width=\"640\" height=\"360\" src=\"https:\/\/www.youtube.com\/embed\/2B9C4oJkAs8?feature=oembed\" frameborder=\"0\" allow=\"accelerometer; autoplay; clipboard-write; encrypted-media; gyroscope; picture-in-picture; web-share\" referrerpolicy=\"strict-origin-when-cross-origin\" allowfullscreen><\/iframe><\/p>\n<!-- AddThis Advanced Settings generic via filter on the_content --><!-- AddThis Share Buttons generic via filter on the_content -->","protected":false},"excerpt":{"rendered":"<p>Carlos Lupi, presidente nacional do PDT, afirma que julgamento de Lula deve ser justo e imparcial. &#8220;N\u00f3s do PDT queremos que todos sejam investigados, em qualquer n\u00edvel&#8230; O que n\u00e3o pode \u00e9 se transformar um julgamento em palaque, para destruir imagens e fazer locu\u00e7\u00f5es pol\u00edticas&#8221;, argumenta Lupi. Assista ao v\u00eddeo:<!-- AddThis Advanced Settings generic via filter on wp_trim_excerpt --><!-- AddThis Share Buttons generic via filter on wp_trim_excerpt --><\/p>\n","protected":false},"author":17,"featured_media":58257,"comment_status":"closed","ping_status":"closed","sticky":false,"template":"","format":"standard","meta":{"_monsterinsights_skip_tracking":false,"_monsterinsights_sitenote_active":false,"_monsterinsights_sitenote_note":"","_monsterinsights_sitenote_category":0,"_uf_show_specific_survey":0,"_uf_disable_surveys":false,"footnotes":""},"categories":[1401,976],"tags":[196,38],"class_list":["post-58233","post","type-post","status-publish","format-standard","has-post-thumbnail","hentry","category-nacional","category-noticias-em-destaque","tag-carlos-lupi","tag-pdt"],"acf":[],"_links":{"self":[{"href":"https:\/\/pdt-rj.org.br\/index.php\/wp-json\/wp\/v2\/posts\/58233","targetHints":{"allow":["GET"]}}],"collection":[{"href":"https:\/\/pdt-rj.org.br\/index.php\/wp-json\/wp\/v2\/posts"}],"about":[{"href":"https:\/\/pdt-rj.org.br\/index.php\/wp-json\/wp\/v2\/types\/post"}],"author":[{"embeddable":true,"href":"https:\/\/pdt-rj.org.br\/index.php\/wp-json\/wp\/v2\/users\/17"}],"replies":[{"embeddable":true,"href":"https:\/\/pdt-rj.org.br\/index.php\/wp-json\/wp\/v2\/comments?post=58233"}],"version-history":[{"count":4,"href":"https:\/\/pdt-rj.org.br\/index.php\/wp-json\/wp\/v2\/posts\/58233\/revisions"}],"predecessor-version":[{"id":58261,"href":"https:\/\/pdt-rj.org.br\/index.php\/wp-json\/wp\/v2\/posts\/58233\/revisions\/58261"}],"wp:featuredmedia":[{"embeddable":true,"href":"https:\/\/pdt-rj.org.br\/index.php\/wp-json\/wp\/v2\/media\/58257"}],"wp:attachment":[{"href":"https:\/\/pdt-rj.org.br\/index.php\/wp-json\/wp\/v2\/media?parent=58233"}],"wp:term":[{"taxonomy":"category","embeddable":true,"href":"https:\/\/pdt-rj.org.br\/index.php\/wp-json\/wp\/v2\/categories?post=58233"},{"taxonomy":"post_tag","embeddable":true,"href":"https:\/\/pdt-rj.org.br\/index.php\/wp-json\/wp\/v2\/tags?post=58233"}],"curies":[{"name":"wp","href":"https:\/\/api.w.org\/{rel}","templated":true}]}}