{"id":58225,"date":"2018-01-10T11:34:22","date_gmt":"2018-01-10T13:34:22","guid":{"rendered":"http:\/\/pdt-rj.org.br\/?p=58225"},"modified":"2018-01-10T11:34:22","modified_gmt":"2018-01-10T13:34:22","slug":"ronaldo-lessa-lanca-o-livro-mandato-digno-que-reune-artigos-de-sua-autoria","status":"publish","type":"post","link":"https:\/\/pdt-rj.org.br\/index.php\/ronaldo-lessa-lanca-o-livro-mandato-digno-que-reune-artigos-de-sua-autoria\/","title":{"rendered":"Ronaldo Lessa lan\u00e7a o livro &#8220;Mandato Digno&#8221;, que re\u00fane artigos de sua autoria"},"content":{"rendered":"<p>O deputado federal Ronaldo Lessa (PDT-AL) acaba de lan\u00e7ar o livro \u201cMandato Digno\u201d, uma colet\u00e2nea de artigos escritos pelo parlamentar e publicados na imprensa alagoana. Lan\u00e7ada no final de dezembro de 2017, a obra retrata o estado, o Brasil e o mundo em 2015, primeiro ano do mandato do parlamentar na C\u00e2mara Federal.<\/p>\n<p>\u201cEsse livro \u00e9 feito para aquelas pessoas que confiam, que acompanham os artigos que publico semanalmente e memoriza 2015. S\u00e3o artigos que falam do mundo, das quest\u00f5es brasileiras, do meu mandato, da bancada e das coisas de Alagoas. Isso \u00e9 um mote para que a gente possa rever os amigos e n\u00e3o deixa de ser um ato pol\u00edtico tamb\u00e9m\u201d, explicou Lessa.<\/p>\n<p>Para o governador do estado, Renan Filho, que esteve presente no lan\u00e7amento do livro, o pedetista \u00e9 um dos mais experientes quadros da pol\u00edtica alagoana. Antes de representar o estado na C\u00e2mara Federal, Lessa foi deputado estadual, vereador, prefeito de Macei\u00f3 e governador de Alagoas.<\/p>\n<p>\u201cRonaldo Lessa se prop\u00f5e a escrever semanalmente para a Gazeta e isso \u00e9 sempre uma oportunidade que temos de observar uma an\u00e1lise profunda, que se preocupa sempre com as quest\u00f5es mais importantes da sociedade. A reuni\u00e3o desses artigos, sem d\u00favidas, \u00e9 algo significativo para Alagoas e por isso eu vim aqui abra\u00e7ar o Ronaldo\u201d, declarou Filho.<\/p>\n<p>Questionado sobre quais p\u00e1ginas gostaria de escrever sobre o Brasil diante da maior crise pol\u00edtica e econ\u00f4mica da hist\u00f3ria republicana, Lessa mostrou-se preocupado e disse que \u00e9 preciso construir um projeto de na\u00e7\u00e3o.<\/p>\n<p>\u201cEu estou muito preocupado com o desmonte que o governo Temer est\u00e1 fazendo com a nossa economia, sobretudo com a desnacionaliza\u00e7\u00e3o. A ind\u00fastria nacional sofre concorr\u00eancia desleal com outros pa\u00edses, ent\u00e3o minha preocupa\u00e7\u00e3o tem sido essa: de a gente precarizar nossa economia. At\u00e9 permitir que os Estados Unidos venham aqui fazer exerc\u00edcios militares em nossas fronteiras, ele j\u00e1 est\u00e1 permitindo. Acho perigoso no momento que estamos vivendo. Eu gostaria que a sociedade brasileira e as autoridades come\u00e7assem a construir um projeto de p\u00e1tria para esse pa\u00eds, que a gente merece, e esse \u00e9 o momento\u201d, declarou o deputado federal.<\/p>\n<!-- AddThis Advanced Settings generic via filter on the_content --><!-- AddThis Share Buttons generic via filter on the_content -->","protected":false},"excerpt":{"rendered":"<p>O deputado federal Ronaldo Lessa (PDT-AL) acaba de lan\u00e7ar o livro \u201cMandato Digno\u201d, uma colet\u00e2nea de artigos escritos pelo parlamentar e publicados na imprensa alagoana. Lan\u00e7ada no final de dezembro de 2017, a obra retrata o estado, o Brasil e o mundo em 2015, primeiro ano do mandato do parlamentar na C\u00e2mara Federal. \u201cEsse livro&#8230;<!-- AddThis Advanced Settings generic via filter on wp_trim_excerpt --><!-- AddThis Share Buttons generic via filter on wp_trim_excerpt --><\/p>\n","protected":false},"author":17,"featured_media":58226,"comment_status":"closed","ping_status":"closed","sticky":false,"template":"","format":"standard","meta":{"_monsterinsights_skip_tracking":false,"_monsterinsights_sitenote_active":false,"_monsterinsights_sitenote_note":"","_monsterinsights_sitenote_category":0,"_uf_show_specific_survey":0,"_uf_disable_surveys":false,"footnotes":""},"categories":[1402,976],"tags":[2757,841],"class_list":["post-58225","post","type-post","status-publish","format-standard","has-post-thumbnail","hentry","category-cidades","category-noticias-em-destaque","tag-mandato-digno","tag-ronaldo-lessa"],"acf":[],"_links":{"self":[{"href":"https:\/\/pdt-rj.org.br\/index.php\/wp-json\/wp\/v2\/posts\/58225","targetHints":{"allow":["GET"]}}],"collection":[{"href":"https:\/\/pdt-rj.org.br\/index.php\/wp-json\/wp\/v2\/posts"}],"about":[{"href":"https:\/\/pdt-rj.org.br\/index.php\/wp-json\/wp\/v2\/types\/post"}],"author":[{"embeddable":true,"href":"https:\/\/pdt-rj.org.br\/index.php\/wp-json\/wp\/v2\/users\/17"}],"replies":[{"embeddable":true,"href":"https:\/\/pdt-rj.org.br\/index.php\/wp-json\/wp\/v2\/comments?post=58225"}],"version-history":[{"count":2,"href":"https:\/\/pdt-rj.org.br\/index.php\/wp-json\/wp\/v2\/posts\/58225\/revisions"}],"predecessor-version":[{"id":58228,"href":"https:\/\/pdt-rj.org.br\/index.php\/wp-json\/wp\/v2\/posts\/58225\/revisions\/58228"}],"wp:featuredmedia":[{"embeddable":true,"href":"https:\/\/pdt-rj.org.br\/index.php\/wp-json\/wp\/v2\/media\/58226"}],"wp:attachment":[{"href":"https:\/\/pdt-rj.org.br\/index.php\/wp-json\/wp\/v2\/media?parent=58225"}],"wp:term":[{"taxonomy":"category","embeddable":true,"href":"https:\/\/pdt-rj.org.br\/index.php\/wp-json\/wp\/v2\/categories?post=58225"},{"taxonomy":"post_tag","embeddable":true,"href":"https:\/\/pdt-rj.org.br\/index.php\/wp-json\/wp\/v2\/tags?post=58225"}],"curies":[{"name":"wp","href":"https:\/\/api.w.org\/{rel}","templated":true}]}}