{"id":58202,"date":"2017-12-28T20:38:58","date_gmt":"2017-12-28T22:38:58","guid":{"rendered":"http:\/\/pdt-rj.org.br\/?p=58202"},"modified":"2018-01-15T20:09:26","modified_gmt":"2018-01-15T22:09:26","slug":"prefeito-roberto-claudio-assina-com-bid-financiamento-para-projetos-nas-areas-de-saude-e-juventude","status":"publish","type":"post","link":"https:\/\/pdt-rj.org.br\/index.php\/prefeito-roberto-claudio-assina-com-bid-financiamento-para-projetos-nas-areas-de-saude-e-juventude\/","title":{"rendered":"Roberto Cl\u00e1udio assina com BID financiamento para projetos nas \u00e1reas de sa\u00fade e juventude"},"content":{"rendered":"<p>A partir de 2018, a Prefeitura de Fortaleza ter\u00e1 como utilizar recursos para novos investimentos em \u00e1reas como sa\u00fade e juventude no ano de 2018. O prefeito Roberto Claudio assinou, na tarde desta quinta-feira (28), em Bras\u00edlia, contrato de financiamento com o Banco Interamericano de Desenvolvimento (BID) no valor de U$ 65.475.000,00 (cerca de R$ 220 milh\u00f5es), recursos que ser\u00e3o destinados a projetos nas \u00e1reas de inf\u00e2ncia, juventude e sa\u00fade na cidade de Fortaleza.<\/p>\n<p>O financiamento permitir\u00e1 que a Prefeitura construa duas novas policl\u00ednicas e dois novos Cucas, como parte do Projeto Proredes. Al\u00e9m disso, o empr\u00e9stimo vai garantir a contrata\u00e7\u00e3o de consultoria para inova\u00e7\u00e3o e otimiza\u00e7\u00e3o de recursos na \u00e1rea da sa\u00fade.<\/p>\n<p>Durante o ato de assinatura, na sede do BID, o prefeito destacou a parceria com o Banco que j\u00e1 apoia projetos em outras \u00e1reas em Fortaleza como a mobilidade, no financiamento do Transfor.<\/p>\n<p>\u201cCom esse financiamento, vamos poder ampliar os servi\u00e7os de sa\u00fade na aten\u00e7\u00e3o secund\u00e1ria especializada com as Policl\u00ednicas\u201d, disse o prefeito, destacando que o pr\u00f3prio banco ajudou a conceber conjuntamente o projeto que vai dar um olhar diferente \u00e0s pol\u00edticas p\u00fablicas na perspectiva de combinar a\u00e7\u00f5es intersetoriais, otimizando os seus resultados.<\/p>\n<p>\u201cTemos certeza de que teremos bons resultados no atendimento a grupos populacionais mais vulner\u00e1veis de nossa cidade\u201d, afirmou o prefeito, que ainda ressaltou gratid\u00e3o aos t\u00e9cnicos do Minist\u00e9rio da Fazenda e da Procuradoria da Fazenda Nacional, al\u00e9m do importante apoio do presidente do Senado Federal, Eun\u00edcio Oliveira, na aprova\u00e7\u00e3o da mat\u00e9ria e na assinatura pelo Minist\u00e9rio da Fazenda.<\/p>\n<p>O representante do BID no Brasil, Jo\u00e3o Marcelo Borges, destacou que \u201c\u00e9 muito bom fechar parceria com a cidade de Fortaleza porque s\u00e3o sempre projetos que ensinam muito ao banco, com a elabora\u00e7\u00e3o e execu\u00e7\u00e3o de projetos que carregam inova\u00e7\u00e3o com resolu\u00e7\u00e3o a graves desafios \u00e0s cidades nos dias atuais\u201d.<\/p>\n<!-- AddThis Advanced Settings generic via filter on the_content --><!-- AddThis Share Buttons generic via filter on the_content -->","protected":false},"excerpt":{"rendered":"<p>A partir de 2018, a Prefeitura de Fortaleza ter\u00e1 como utilizar recursos para novos investimentos em \u00e1reas como sa\u00fade e juventude no ano de 2018. O prefeito Roberto Claudio assinou, na tarde desta quinta-feira (28), em Bras\u00edlia, contrato de financiamento com o Banco Interamericano de Desenvolvimento (BID) no valor de U$ 65.475.000,00 (cerca de R$&#8230;<!-- AddThis Advanced Settings generic via filter on wp_trim_excerpt --><!-- AddThis Share Buttons generic via filter on wp_trim_excerpt --><\/p>\n","protected":false},"author":17,"featured_media":58204,"comment_status":"closed","ping_status":"closed","sticky":false,"template":"","format":"standard","meta":{"_monsterinsights_skip_tracking":false,"_monsterinsights_sitenote_active":false,"_monsterinsights_sitenote_note":"","_monsterinsights_sitenote_category":0,"_uf_show_specific_survey":0,"_uf_disable_surveys":false,"footnotes":""},"categories":[1390,977],"tags":[38,836],"class_list":["post-58202","post","type-post","status-publish","format-standard","has-post-thumbnail","hentry","category-editorias","category-sem-categoria","tag-pdt","tag-roberto-claudio"],"acf":[],"_links":{"self":[{"href":"https:\/\/pdt-rj.org.br\/index.php\/wp-json\/wp\/v2\/posts\/58202","targetHints":{"allow":["GET"]}}],"collection":[{"href":"https:\/\/pdt-rj.org.br\/index.php\/wp-json\/wp\/v2\/posts"}],"about":[{"href":"https:\/\/pdt-rj.org.br\/index.php\/wp-json\/wp\/v2\/types\/post"}],"author":[{"embeddable":true,"href":"https:\/\/pdt-rj.org.br\/index.php\/wp-json\/wp\/v2\/users\/17"}],"replies":[{"embeddable":true,"href":"https:\/\/pdt-rj.org.br\/index.php\/wp-json\/wp\/v2\/comments?post=58202"}],"version-history":[{"count":4,"href":"https:\/\/pdt-rj.org.br\/index.php\/wp-json\/wp\/v2\/posts\/58202\/revisions"}],"predecessor-version":[{"id":58267,"href":"https:\/\/pdt-rj.org.br\/index.php\/wp-json\/wp\/v2\/posts\/58202\/revisions\/58267"}],"wp:featuredmedia":[{"embeddable":true,"href":"https:\/\/pdt-rj.org.br\/index.php\/wp-json\/wp\/v2\/media\/58204"}],"wp:attachment":[{"href":"https:\/\/pdt-rj.org.br\/index.php\/wp-json\/wp\/v2\/media?parent=58202"}],"wp:term":[{"taxonomy":"category","embeddable":true,"href":"https:\/\/pdt-rj.org.br\/index.php\/wp-json\/wp\/v2\/categories?post=58202"},{"taxonomy":"post_tag","embeddable":true,"href":"https:\/\/pdt-rj.org.br\/index.php\/wp-json\/wp\/v2\/tags?post=58202"}],"curies":[{"name":"wp","href":"https:\/\/api.w.org\/{rel}","templated":true}]}}