{"id":58184,"date":"2017-12-21T19:51:12","date_gmt":"2017-12-21T21:51:12","guid":{"rendered":"http:\/\/pdt-rj.org.br\/?p=58184"},"modified":"2018-01-13T01:22:21","modified_gmt":"2018-01-13T03:22:21","slug":"fundacoes-do-pdt-pcdob-e-pt-lancam-livro-que-avalia-legado-da-esquerda-no-brasil","status":"publish","type":"post","link":"https:\/\/pdt-rj.org.br\/index.php\/fundacoes-do-pdt-pcdob-e-pt-lancam-livro-que-avalia-legado-da-esquerda-no-brasil\/","title":{"rendered":"Funda\u00e7\u00f5es do PDT, PCdoB e PT lan\u00e7am livro que avalia legado da esquerda no Brasil"},"content":{"rendered":"<p>As funda\u00e7\u00f5es Leonel Brizola \u2013 Alberto Pasqualini (PDT), Maur\u00edcio Grabois (PC do B), e Perseu Abramo (PT) lan\u00e7aram nesta semana o livro digital baseado na Oficina de Debates \u201cLegado e li\u00e7\u00f5es dos governos Lula e Dilma; Brasil p\u00f3s-golpe; e caminhos e alternativas para tirar o Brasil da crise\u201d. Com a contribui\u00e7\u00e3o de especialistas do setor econ\u00f4mico, pol\u00edtico e social, a publica\u00e7\u00e3o permite uma autocr\u00edtica das institui\u00e7\u00f5es e exp\u00f5e uma reflex\u00e3o sobre as propostas da esquerda para a na\u00e7\u00e3o.<\/p>\n<p>O professor de Forma\u00e7\u00e3o Pol\u00edtica da organiza\u00e7\u00e3o pedetista, Wendel Pinheiro, fez uma profunda abordagem trabalhista sobre as conquistas e consequentes li\u00e7\u00f5es dos ciclos gerados pelos governos petistas, desde 2003. O segundo texto foi escrito pelo professor Ronaldo Teixeira (Nado) e garante uma transcri\u00e7\u00e3o da realidade do Brasil no p\u00f3s-golpe, que gerou uma traum\u00e1tica ruptura do processo democr\u00e1tico.<\/p>\n<p>Por \u00faltimo, o professor de economia, Mauro Benevides Filho, apresentou uma an\u00e1lise sobre os caminhos e alternativas para a recupera\u00e7\u00e3o nacional e o reencontro com a democracia, o Estado de Direito, o desenvolvimento e o progresso social.<\/p>\n<p>Para Manoel Dias, o secret\u00e1rio-geral nacional do PDT e presidente da FLB-AP, que homenageia dois \u00edcones do partido, a edi\u00e7\u00e3o representa uma oportunidade de absorver, com a devida clareza, os acertos e erros do campo popular para proporcionar a necess\u00e1ria evolu\u00e7\u00e3o para futuras gest\u00f5es em n\u00edvel nacional, estadual e municipal.<\/p>\n<p>\u201cOs pilares de um pa\u00eds que estava baseado na justi\u00e7a social, foram duramente atingidos. A ferocidade e pressa do governo ileg\u00edtimo de Temer mostra que eles precisam pagar com urg\u00eancia a conta do golpe que ajudaram a promover. Agora, querem dar o ataque final a partir do desmantelamento do sistema previdenci\u00e1rio nacional\u201d, afirmou.<\/p>\n<p>&#8220;N\u00e3o vamos abrir m\u00e3o de resgatar as riquezas entregues, como o pr\u00e9-sal, restituir as garantias hist\u00f3ricas, como as leis trabalhistas, e recolocar o pa\u00eds no caminho do desenvolvimento com justi\u00e7a social. Os males neoliberais ser\u00e3o desfeitos\u201d, garantiu Dias, ao citar o pr\u00e9-candidato a presidente da Rep\u00fablica, Ciro Gomes.<\/p>\n<!-- AddThis Advanced Settings generic via filter on the_content --><!-- AddThis Share Buttons generic via filter on the_content -->","protected":false},"excerpt":{"rendered":"<p>As funda\u00e7\u00f5es Leonel Brizola \u2013 Alberto Pasqualini (PDT), Maur\u00edcio Grabois (PC do B), e Perseu Abramo (PT) lan\u00e7aram nesta semana o livro digital baseado na Oficina de Debates \u201cLegado e li\u00e7\u00f5es dos governos Lula e Dilma; Brasil p\u00f3s-golpe; e caminhos e alternativas para tirar o Brasil da crise\u201d. Com a contribui\u00e7\u00e3o de especialistas do setor&#8230;<!-- AddThis Advanced Settings generic via filter on wp_trim_excerpt --><!-- AddThis Share Buttons generic via filter on wp_trim_excerpt --><\/p>\n","protected":false},"author":17,"featured_media":58185,"comment_status":"closed","ping_status":"closed","sticky":false,"template":"","format":"standard","meta":{"_monsterinsights_skip_tracking":false,"_monsterinsights_sitenote_active":false,"_monsterinsights_sitenote_note":"","_monsterinsights_sitenote_category":0,"_uf_show_specific_survey":0,"_uf_disable_surveys":false,"footnotes":""},"categories":[1390,1401],"tags":[2750,591,38,2113],"class_list":["post-58184","post","type-post","status-publish","format-standard","has-post-thumbnail","hentry","category-editorias","category-nacional","tag-leonel-brizola-alberto-pasqualini","tag-manoel-dias","tag-pdt","tag-wendel-pinheiro"],"acf":[],"_links":{"self":[{"href":"https:\/\/pdt-rj.org.br\/index.php\/wp-json\/wp\/v2\/posts\/58184","targetHints":{"allow":["GET"]}}],"collection":[{"href":"https:\/\/pdt-rj.org.br\/index.php\/wp-json\/wp\/v2\/posts"}],"about":[{"href":"https:\/\/pdt-rj.org.br\/index.php\/wp-json\/wp\/v2\/types\/post"}],"author":[{"embeddable":true,"href":"https:\/\/pdt-rj.org.br\/index.php\/wp-json\/wp\/v2\/users\/17"}],"replies":[{"embeddable":true,"href":"https:\/\/pdt-rj.org.br\/index.php\/wp-json\/wp\/v2\/comments?post=58184"}],"version-history":[{"count":4,"href":"https:\/\/pdt-rj.org.br\/index.php\/wp-json\/wp\/v2\/posts\/58184\/revisions"}],"predecessor-version":[{"id":58260,"href":"https:\/\/pdt-rj.org.br\/index.php\/wp-json\/wp\/v2\/posts\/58184\/revisions\/58260"}],"wp:featuredmedia":[{"embeddable":true,"href":"https:\/\/pdt-rj.org.br\/index.php\/wp-json\/wp\/v2\/media\/58185"}],"wp:attachment":[{"href":"https:\/\/pdt-rj.org.br\/index.php\/wp-json\/wp\/v2\/media?parent=58184"}],"wp:term":[{"taxonomy":"category","embeddable":true,"href":"https:\/\/pdt-rj.org.br\/index.php\/wp-json\/wp\/v2\/categories?post=58184"},{"taxonomy":"post_tag","embeddable":true,"href":"https:\/\/pdt-rj.org.br\/index.php\/wp-json\/wp\/v2\/tags?post=58184"}],"curies":[{"name":"wp","href":"https:\/\/api.w.org\/{rel}","templated":true}]}}