{"id":58142,"date":"2017-12-14T11:20:44","date_gmt":"2017-12-14T13:20:44","guid":{"rendered":"http:\/\/pdt-rj.org.br\/?p=58142"},"modified":"2017-12-23T02:39:02","modified_gmt":"2017-12-23T04:39:02","slug":"adiamento-da-votacao-da-reforma-da-previdencia-e-vitoria-dos-trabalhadores-diz-weverton-rocha","status":"publish","type":"post","link":"https:\/\/pdt-rj.org.br\/index.php\/adiamento-da-votacao-da-reforma-da-previdencia-e-vitoria-dos-trabalhadores-diz-weverton-rocha\/","title":{"rendered":"&#8220;Adiamento da vota\u00e7\u00e3o da reforma da Previd\u00eancia \u00e9 vit\u00f3ria dos trabalhadores&#8221;, diz Weverton Rocha"},"content":{"rendered":"<div dir=\"ltr\">\n<p class=\"yiv7815835232m_7170838549504022846gmail-MsoNormal\">O l\u00edder da bancada do PDT na C\u00e2mara Federal, deputado Weverton Rocha, considerou uma vit\u00f3ria da oposi\u00e7\u00e3o e dos trabalhadores o adiamento da vota\u00e7\u00e3o da reforma da Previd\u00eancia para 2018. A decis\u00e3o de pautar o tema s\u00f3 no pr\u00f3ximo ano foi anunciada pelo senador Romero Juc\u00e1 (PMDB-RR), l\u00edder do governo no Senado, depois de um acordo entre os presidentes da C\u00e2mara e do Senado.<\/p>\n<p class=\"yiv7815835232m_7170838549504022846gmail-MsoNormal\">\u201cNa verdade o governo est\u00e1 percebendo que n\u00e3o tem os votos necess\u00e1rios para votar a reforma da Previd\u00eancia, est\u00e1 praticamente jogando a toalha\u201d, avaliou Weverton.<\/p>\n<p class=\"yiv7815835232m_7170838549504022846gmail-MsoNormal\">Como se trata de uma proposta de emenda \u00e0 Constitui\u00e7\u00e3o, a reforma da Previd\u00eancia precisaria do voto de 308 dos 513 deputados federais para ser aprovada. O governo n\u00e3o conseguiu at\u00e9 o momento reunir esse apoio.<\/p>\n<p class=\"yiv7815835232m_7170838549504022846gmail-MsoNormal\">\u201cVamos manter essa mobiliza\u00e7\u00e3o em 2018\u201d, afirmou Weverton, que considera que a reforma enviada pelo governo prejudica muito o trabalhador.<\/p>\n<p class=\"yiv7815835232m_7170838549504022846gmail-MsoNormal\">\u201cPor essa proposta, \u00e9 preciso uma idade m\u00ednima de 65 anos para homens e 62 para mulheres se aposentarem, mas mesmo que cheguem a essa idade e tenham contribu\u00eddo por 15 anos, s\u00f3 receber\u00e3o 60% do benef\u00edcio. Para aposentadoria integral s\u00e3o necess\u00e1rios 40 anos de contribui\u00e7\u00e3o, uma meta imposs\u00edvel de ser alcan\u00e7ada para a grande maioria dos brasileiros\u201d, criticou.<\/p>\n<p class=\"yiv7815835232m_7170838549504022846gmail-MsoNormal\">A oposi\u00e7\u00e3o defende que o governo equilibre as contas primeiro, cobrando os grandes devedores, que juntos acumulam uma d\u00edvida de R$ 427 bilh\u00f5es, e reveja as isen\u00e7\u00f5es e ren\u00fancias fiscais de R$ 57 bilh\u00f5es. \u201cEsses valores junto s\u00e3o maiores que a economia pretendida com a reforma\u201d, explica o l\u00edder do PDT.<\/p>\n<p class=\"yiv7815835232m_7170838549504022846gmail-MsoNormal\">\u201cO grande d\u00e9ficit que existe hoje \u00e9 o pol\u00edtico, \u00e9 a necessidade de tirar um governo que n\u00e3o tem compromisso com os trabalhadores e com as bases sociais\u201d, disse Weverton.<\/p>\n<p class=\"yiv7815835232m_7170838549504022846gmail-MsoNormal\">Veja fala de Weverton Rocha:<\/p>\n<p><iframe loading=\"lazy\" title=\"Vota\u00e7\u00e3o Reforma da Previd\u00eancia \u00e9 adiada\" width=\"640\" height=\"360\" src=\"https:\/\/www.youtube.com\/embed\/PreHB04f_XU?feature=oembed\" frameborder=\"0\" allow=\"accelerometer; autoplay; clipboard-write; encrypted-media; gyroscope; picture-in-picture; web-share\" referrerpolicy=\"strict-origin-when-cross-origin\" allowfullscreen><\/iframe><\/p>\n<p class=\"yiv7815835232m_7170838549504022846gmail-MsoNormal\">\n<\/div>\n<!-- AddThis Advanced Settings generic via filter on the_content --><!-- AddThis Share Buttons generic via filter on the_content -->","protected":false},"excerpt":{"rendered":"<p>O l\u00edder da bancada do PDT na C\u00e2mara Federal, deputado Weverton Rocha, considerou uma vit\u00f3ria da oposi\u00e7\u00e3o e dos trabalhadores o adiamento da vota\u00e7\u00e3o da reforma da Previd\u00eancia para 2018. A decis\u00e3o de pautar o tema s\u00f3 no pr\u00f3ximo ano foi anunciada pelo senador Romero Juc\u00e1 (PMDB-RR), l\u00edder do governo no Senado, depois de um&#8230;<!-- AddThis Advanced Settings generic via filter on wp_trim_excerpt --><!-- AddThis Share Buttons generic via filter on wp_trim_excerpt --><\/p>\n","protected":false},"author":17,"featured_media":58143,"comment_status":"closed","ping_status":"closed","sticky":false,"template":"","format":"standard","meta":{"_monsterinsights_skip_tracking":false,"_monsterinsights_sitenote_active":false,"_monsterinsights_sitenote_note":"","_monsterinsights_sitenote_category":0,"_uf_show_specific_survey":0,"_uf_disable_surveys":false,"footnotes":""},"categories":[1390],"tags":[],"class_list":["post-58142","post","type-post","status-publish","format-standard","has-post-thumbnail","hentry","category-editorias"],"acf":[],"_links":{"self":[{"href":"https:\/\/pdt-rj.org.br\/index.php\/wp-json\/wp\/v2\/posts\/58142","targetHints":{"allow":["GET"]}}],"collection":[{"href":"https:\/\/pdt-rj.org.br\/index.php\/wp-json\/wp\/v2\/posts"}],"about":[{"href":"https:\/\/pdt-rj.org.br\/index.php\/wp-json\/wp\/v2\/types\/post"}],"author":[{"embeddable":true,"href":"https:\/\/pdt-rj.org.br\/index.php\/wp-json\/wp\/v2\/users\/17"}],"replies":[{"embeddable":true,"href":"https:\/\/pdt-rj.org.br\/index.php\/wp-json\/wp\/v2\/comments?post=58142"}],"version-history":[{"count":4,"href":"https:\/\/pdt-rj.org.br\/index.php\/wp-json\/wp\/v2\/posts\/58142\/revisions"}],"predecessor-version":[{"id":58201,"href":"https:\/\/pdt-rj.org.br\/index.php\/wp-json\/wp\/v2\/posts\/58142\/revisions\/58201"}],"wp:featuredmedia":[{"embeddable":true,"href":"https:\/\/pdt-rj.org.br\/index.php\/wp-json\/wp\/v2\/media\/58143"}],"wp:attachment":[{"href":"https:\/\/pdt-rj.org.br\/index.php\/wp-json\/wp\/v2\/media?parent=58142"}],"wp:term":[{"taxonomy":"category","embeddable":true,"href":"https:\/\/pdt-rj.org.br\/index.php\/wp-json\/wp\/v2\/categories?post=58142"},{"taxonomy":"post_tag","embeddable":true,"href":"https:\/\/pdt-rj.org.br\/index.php\/wp-json\/wp\/v2\/tags?post=58142"}],"curies":[{"name":"wp","href":"https:\/\/api.w.org\/{rel}","templated":true}]}}