{"id":58128,"date":"2017-12-11T17:18:11","date_gmt":"2017-12-11T19:18:11","guid":{"rendered":"http:\/\/pdt-rj.org.br\/?p=58128"},"modified":"2017-12-12T21:00:55","modified_gmt":"2017-12-12T23:00:55","slug":"lupi-e-ciro-prestigiam-encontro-do-pdt-de-jundiai-sp","status":"publish","type":"post","link":"https:\/\/pdt-rj.org.br\/index.php\/lupi-e-ciro-prestigiam-encontro-do-pdt-de-jundiai-sp\/","title":{"rendered":"Lupi e Ciro prestigiam encontro do PDT de Jundia\u00ed (SP)"},"content":{"rendered":"<p>\u201cO Brasil n\u00e3o pode mais tratar os seus problemas a golpe de frases feitas\u201d, disse o pr\u00e9-candidato \u00e0 Presid\u00eancia da Rep\u00fablica pelo PDT, Ciro Gomes, no \u00faltimo domingo (10), no Encontro Regional do partido em Jundia\u00ed (SP).<br \/>\nRealizado na C\u00e2mara Municipal, o evento foi prestigiado pelo presidente nacional do partido, Carlos Lupi, e outras lideran\u00e7as como o presidente municipal da legenda, G\u00e9rson Sartori, o vice-presidente do PDT de S\u00e3o Paulo, Luiz Ant\u00f4nio de Medeiros e Ant\u00f4nio Neto.<\/p>\n<p>Recebido ao som de \u201cBrasil, pra frente, Ciro presidente\u201d, coro que o tem acompanhado por todo o Pa\u00eds, o presidenci\u00e1vel come\u00e7ou sua fala reiterando a import\u00e2ncia de se estabelecer um debate s\u00e9rio entre partidos, para, a partir de uma reflex\u00e3o conjunta, se encontrar a sa\u00edda para a grave crise que assola a na\u00e7\u00e3o.<\/p>\n<p>\u201cComo se explicar que o Pa\u00eds tenha chegado a este ponto?\u201d, questionou, mencionando os mais de 13 milh\u00f5es de desempregados e os mais de 60 mil homic\u00eddios registrados nos \u00faltimos doze meses no Pa\u00eds. \u201cIsso \u00e9 duas vezes e meia a quantidade de mortes que mundo inteiro testemunhou no mesmo per\u00edodo, nas \u00e1reas que tem convuls\u00e3o social, guerra civil, como a S\u00edria, por exemplo\u201d.<\/p>\n<p>De acordo com Ciro, a quebra da economia \u00e9 a respons\u00e1vel pela decad\u00eancia da infraestrutura, do servi\u00e7o p\u00fablico, e o descompromisso com a do povo, claramente demonstrado pela Reforma da Previd\u00eancia imposta pelo atual governo, que atinge principalmente a parcela mais vulner\u00e1vel da popula\u00e7\u00e3o, como professores e trabalhadores rurais.<br \/>\n\u201cN\u00f3s precisamos reformar o Pa\u00eds. N\u00f3s, do PDT, n\u00e3o temos medo de reformar, porque, se n\u00f3s estamos com este quadro, a institucionalidade n\u00e3o presta. E n\u00f3s temos que coloc\u00e1-la toda em debate. Mas este debate tem de ser guiado por alguns valores. \u00c9 o que nos distingue; proteger o mais fr\u00e1gil, proteger quem produz, proteger quem trabalha e enfrentar a ladroeira, a especula\u00e7\u00e3o financeira\u201d, afirmou Ciro.<\/p>\n<p><strong>Elei\u00e7\u00f5es 2018<\/strong><br \/>\nLupi destacou o posicionamento do partido quanto \u00e0s pr\u00e9-candidaturas de Gerson Sartori, a deputado federal, e Ciro, \u00e0 Presid\u00eancia, e explicou que os tr\u00eas pr\u00e9-candidatos t\u00eam em comum a defesa da principal bandeira do PDT, a educa\u00e7\u00e3o, o di\u00e1logo e o compromisso com as necessidades da popula\u00e7\u00e3o.<\/p>\n<p>\u201cNada \u00e9 mais importante para fazer uma sociedade evoluir do que faz\u00ea-la pensar, raciocinar. Entender qual o papel dela nesse processo\u201d, disse Lupi, mencionando a c\u00e9lebre frase de Leonel Brizola: \u2018S\u00f3 a educa\u00e7\u00e3o libera o povo\u2019\u201d.<br \/>\n\u201cEsse \u00e9 o desafio da democracia: liderar homens e mulheres livres. Esse \u00e9 o conceito b\u00e1sico da exist\u00eancia do Trabalhismo. Foi o que Get\u00falio teve, foi o que Jo\u00e3o Goulart teve e Leonel Brizola teve. Eram l\u00edderes de homens e mulheres livres. E \u00e9 em nome desses homens e mulheres livres, meu amigo Sartori, que n\u00f3s precisamos ter o Ciro Gomes na Presid\u00eancia da Rep\u00fablica\u201d, disse Lupi.<\/p>\n<p>De acordo com o presidente, n\u00e3o h\u00e1 um brasileiro que tenha o conhecimento profundo da economia como Ciro Gomes. \u201cE n\u00e3o tem um pol\u00edtico na pol\u00edtica desse pa\u00eds que tem a coragem de tocar, abrir, ir no c\u00e2ncer da sociedade moderna que \u00e9 o sistema financeiro e dizer \u2018Comigo, n\u00e3o passa!\u2019, finalizou Lupi fortemente aplaudido.<\/p>\n<!-- AddThis Advanced Settings generic via filter on the_content --><!-- AddThis Share Buttons generic via filter on the_content -->","protected":false},"excerpt":{"rendered":"<p>\u201cO Brasil n\u00e3o pode mais tratar os seus problemas a golpe de frases feitas\u201d, disse o pr\u00e9-candidato \u00e0 Presid\u00eancia da Rep\u00fablica pelo PDT, Ciro Gomes, no \u00faltimo domingo (10), no Encontro Regional do partido em Jundia\u00ed (SP). Realizado na C\u00e2mara Municipal, o evento foi prestigiado pelo presidente nacional do partido, Carlos Lupi, e outras lideran\u00e7as&#8230;<!-- AddThis Advanced Settings generic via filter on wp_trim_excerpt --><!-- AddThis Share Buttons generic via filter on wp_trim_excerpt --><\/p>\n","protected":false},"author":17,"featured_media":58133,"comment_status":"closed","ping_status":"closed","sticky":false,"template":"","format":"standard","meta":{"_monsterinsights_skip_tracking":false,"_monsterinsights_sitenote_active":false,"_monsterinsights_sitenote_note":"","_monsterinsights_sitenote_category":0,"_uf_show_specific_survey":0,"_uf_disable_surveys":false,"footnotes":""},"categories":[976,977],"tags":[220,514,565,38],"class_list":["post-58128","post","type-post","status-publish","format-standard","has-post-thumbnail","hentry","category-noticias-em-destaque","category-sem-categoria","tag-ciro-gomes","tag-joao-goulart","tag-leonel-brizola","tag-pdt"],"acf":[],"_links":{"self":[{"href":"https:\/\/pdt-rj.org.br\/index.php\/wp-json\/wp\/v2\/posts\/58128","targetHints":{"allow":["GET"]}}],"collection":[{"href":"https:\/\/pdt-rj.org.br\/index.php\/wp-json\/wp\/v2\/posts"}],"about":[{"href":"https:\/\/pdt-rj.org.br\/index.php\/wp-json\/wp\/v2\/types\/post"}],"author":[{"embeddable":true,"href":"https:\/\/pdt-rj.org.br\/index.php\/wp-json\/wp\/v2\/users\/17"}],"replies":[{"embeddable":true,"href":"https:\/\/pdt-rj.org.br\/index.php\/wp-json\/wp\/v2\/comments?post=58128"}],"version-history":[{"count":5,"href":"https:\/\/pdt-rj.org.br\/index.php\/wp-json\/wp\/v2\/posts\/58128\/revisions"}],"predecessor-version":[{"id":58136,"href":"https:\/\/pdt-rj.org.br\/index.php\/wp-json\/wp\/v2\/posts\/58128\/revisions\/58136"}],"wp:featuredmedia":[{"embeddable":true,"href":"https:\/\/pdt-rj.org.br\/index.php\/wp-json\/wp\/v2\/media\/58133"}],"wp:attachment":[{"href":"https:\/\/pdt-rj.org.br\/index.php\/wp-json\/wp\/v2\/media?parent=58128"}],"wp:term":[{"taxonomy":"category","embeddable":true,"href":"https:\/\/pdt-rj.org.br\/index.php\/wp-json\/wp\/v2\/categories?post=58128"},{"taxonomy":"post_tag","embeddable":true,"href":"https:\/\/pdt-rj.org.br\/index.php\/wp-json\/wp\/v2\/tags?post=58128"}],"curies":[{"name":"wp","href":"https:\/\/api.w.org\/{rel}","templated":true}]}}