{"id":58121,"date":"2017-12-12T15:29:53","date_gmt":"2017-12-12T17:29:53","guid":{"rendered":"http:\/\/pdt-rj.org.br\/?p=58121"},"modified":"2017-12-18T13:26:36","modified_gmt":"2017-12-18T15:26:36","slug":"rodrigo-neves-e-o-novo-reforco-do-pdt-no-estado-do-rio","status":"publish","type":"post","link":"https:\/\/pdt-rj.org.br\/index.php\/rodrigo-neves-e-o-novo-reforco-do-pdt-no-estado-do-rio\/","title":{"rendered":"Rodrigo Neves \u00e9 o novo refor\u00e7o do PDT no estado do Rio"},"content":{"rendered":"<p>O prefeito de Niter\u00f3i, regi\u00e3o metropolitana do Rio de Janeiro, \u00e9 o mais novo refor\u00e7o do PDT no estado. Rodrigo Neves assinou ficha de filia\u00e7\u00e3o no in\u00edcio da tarde desta ter\u00e7a-feira (12\/12, \u00e0s 12 horas), durante confraterniza\u00e7\u00e3o no restaurante Seu Ant\u00f4nio \u2013 um tradicional ponto de encontro de brizolistas na cidade de Niter\u00f3i. A ficha de Neves foi abonada, entre outros, pelo presidente nacional da legenda, Carlos Lupi e por Ciro Gomes, pr\u00e9-candidato do PDT \u00e0 presid\u00eancia \u2013 que participaram do ato.<\/p>\n<p>A vinda de Rodrigo Neves para o PDT faz parte de um grande esfor\u00e7o na montagem do palanque de Ciro no Estado do Rio. Refer\u00eancia para o PDT, a cidade de Niter\u00f3i tem um hist\u00f3rico de pedetistas, como Jorge Roberto Silveira e Jo\u00e3o Sampaio, que passaram pela prefeitura e transformaram a cidade em uma das melhores em qualidade de vida do pa\u00eds. Diversas lideran\u00e7as do PDT participaram do ato.<\/p>\n<p>Para Lupi, a chegada de Rodrigo demonstra o esfor\u00e7o do partido em criar palanques fortes e com peso pol\u00edtico para as elei\u00e7\u00f5es de 2018.<\/p>\n<p>&#8211; Estamos montando um time pelo Brasil para mostrar que teremos o melhor candidato para governar o Brasil a partir de 2019. Estamos reunindo as melhores cabe\u00e7as pol\u00edticas para construir o projeto que o pa\u00eds precisa, e Rodrigo ser\u00e1 um atacante nesse time \u2013 afirmou Lupi.<\/p>\n<p>J\u00e1 Rodrigo afirmou que a decis\u00e3o dele em se filiar ao PDT est\u00e1 diretamente ligado ao melhor projeto proposto para as elei\u00e7\u00f5es de 2018.<\/p>\n<p>&#8211; N\u00e3o \u00e9 uma decis\u00e3o eleitoreira. N\u00e3o sou candidato ano que vem, e me filio ao PDT de Lupi e Ciro porque acredito que estamos lidando com o melhor projeto e com o mais preparado pr\u00e9 candidato \u00e0 presid\u00eancia: Ciro Gomes \u2013 disse Neves<\/p>\n<p>Durante r\u00e1pida fala, Ciro Gomes tamb\u00e9m elogiou Rodrigo e o trabalho do prefeito \u00e0 frente da cidade.<\/p>\n<p>&#8211; Niteroi \u00e9 hoje uma cidade modelo para o Brasil. Isso s\u00f3 \u00e9 poss\u00edvel gra\u00e7as ao Rodrigo, que tem feito um trabalho excepcional. A vinda dele para o PDT \u00e9 a demonstra\u00e7\u00e3o que estamos conquistando espa\u00e7os e construindo caminhos para apresentar ao Brasil os melhores projetos \u2013 enfatizou.<\/p>\n<p>Prefeito por dois mandatos, Rodrigo aparece hoje como um dos gestores mais bem avaliados dentro do Estado. Aos 41 anos, Rodrigo tamb\u00e9m foi vereador, secret\u00e1rio municipal, estadual e deputado estadual.<\/p>\n<!-- AddThis Advanced Settings generic via filter on the_content --><!-- AddThis Share Buttons generic via filter on the_content -->","protected":false},"excerpt":{"rendered":"<p>O prefeito de Niter\u00f3i, regi\u00e3o metropolitana do Rio de Janeiro, \u00e9 o mais novo refor\u00e7o do PDT no estado. Rodrigo Neves assinou ficha de filia\u00e7\u00e3o no in\u00edcio da tarde desta ter\u00e7a-feira (12\/12, \u00e0s 12 horas), durante confraterniza\u00e7\u00e3o no restaurante Seu Ant\u00f4nio \u2013 um tradicional ponto de encontro de brizolistas na cidade de Niter\u00f3i. A ficha&#8230;<!-- AddThis Advanced Settings generic via filter on wp_trim_excerpt --><!-- AddThis Share Buttons generic via filter on wp_trim_excerpt --><\/p>\n","protected":false},"author":17,"featured_media":58122,"comment_status":"closed","ping_status":"closed","sticky":false,"template":"","format":"standard","meta":{"_monsterinsights_skip_tracking":false,"_monsterinsights_sitenote_active":false,"_monsterinsights_sitenote_note":"","_monsterinsights_sitenote_category":0,"_uf_show_specific_survey":0,"_uf_disable_surveys":false,"footnotes":""},"categories":[976],"tags":[],"class_list":["post-58121","post","type-post","status-publish","format-standard","has-post-thumbnail","hentry","category-noticias-em-destaque"],"acf":[],"_links":{"self":[{"href":"https:\/\/pdt-rj.org.br\/index.php\/wp-json\/wp\/v2\/posts\/58121","targetHints":{"allow":["GET"]}}],"collection":[{"href":"https:\/\/pdt-rj.org.br\/index.php\/wp-json\/wp\/v2\/posts"}],"about":[{"href":"https:\/\/pdt-rj.org.br\/index.php\/wp-json\/wp\/v2\/types\/post"}],"author":[{"embeddable":true,"href":"https:\/\/pdt-rj.org.br\/index.php\/wp-json\/wp\/v2\/users\/17"}],"replies":[{"embeddable":true,"href":"https:\/\/pdt-rj.org.br\/index.php\/wp-json\/wp\/v2\/comments?post=58121"}],"version-history":[{"count":5,"href":"https:\/\/pdt-rj.org.br\/index.php\/wp-json\/wp\/v2\/posts\/58121\/revisions"}],"predecessor-version":[{"id":58170,"href":"https:\/\/pdt-rj.org.br\/index.php\/wp-json\/wp\/v2\/posts\/58121\/revisions\/58170"}],"wp:featuredmedia":[{"embeddable":true,"href":"https:\/\/pdt-rj.org.br\/index.php\/wp-json\/wp\/v2\/media\/58122"}],"wp:attachment":[{"href":"https:\/\/pdt-rj.org.br\/index.php\/wp-json\/wp\/v2\/media?parent=58121"}],"wp:term":[{"taxonomy":"category","embeddable":true,"href":"https:\/\/pdt-rj.org.br\/index.php\/wp-json\/wp\/v2\/categories?post=58121"},{"taxonomy":"post_tag","embeddable":true,"href":"https:\/\/pdt-rj.org.br\/index.php\/wp-json\/wp\/v2\/tags?post=58121"}],"curies":[{"name":"wp","href":"https:\/\/api.w.org\/{rel}","templated":true}]}}