{"id":58097,"date":"2017-12-10T00:52:17","date_gmt":"2017-12-10T02:52:17","guid":{"rendered":"http:\/\/pdt-rj.org.br\/?p=58097"},"modified":"2017-12-18T13:33:29","modified_gmt":"2017-12-18T15:33:29","slug":"ciro-voce-esta-fazendo-a-gente-voltar-a-sonhar-declara-lupi-em-serra-no-espirito-santo","status":"publish","type":"post","link":"https:\/\/pdt-rj.org.br\/index.php\/ciro-voce-esta-fazendo-a-gente-voltar-a-sonhar-declara-lupi-em-serra-no-espirito-santo\/","title":{"rendered":"&#8220;Ciro, voc\u00ea est\u00e1 fazendo a gente voltar a sonhar\u201d, declara Lupi, em Serra, no Esp\u00edrito Santo"},"content":{"rendered":"<p>A sede das mudan\u00e7as que o Brasil precisa levou mais de 1.000 pessoas \u00e0 Conven\u00e7\u00e3o Estadual do PDT do Esp\u00edrito Santo, realizada nesse s\u00e1bado (9), em Serra (ES), incluindo representantes de partidos aliados. Comandada pelo deputado federal S\u00e9rgio Vidigal, reconduzido \u00e0 presid\u00eancia estadual da legenda, a milit\u00e2ncia n\u00e3o conteve o entusiasmo, ao longo das falas do presidente nacional do PDT, Carlos Lupi, e do pr\u00e9-candidato \u00e0 Presid\u00eancia da Rep\u00fablica, Ciro Gomes.<\/p>\n<p>Ap\u00f3s uma recep\u00e7\u00e3o animada e quase ensurdecedora, o presidenci\u00e1vel elevou ainda mais os \u00e2nimos do p\u00fablico ao convocar todos para refletir acerca do atual cen\u00e1rio do Brasil. \u201cQuem tem o cora\u00e7\u00e3o ligado \u00e0 vida do povo, sabe que o terror vivido por quem precisa de um hospital para o filho, para o pai, \u00e9 hoje um espinho espetado no cora\u00e7\u00e3o da fam\u00edlia brasileira\u201d, lamentou Ciro.<\/p>\n<p>Al\u00e9m de criticar a extin\u00e7\u00e3o de direitos fundamentais, promovida pelas reformas Trabalhista e da Previd\u00eancia, o presidenci\u00e1vel tamb\u00e9m chamou a aten\u00e7\u00e3o para os mais de 60 mil homic\u00eddios registrados nos \u00faltimos 12 meses no Pa\u00eds.\u00a0\u201cJovens quase todos; negros quase todos, pobres todos; ante a absoluta impot\u00eancia do Estado democr\u00e1tico de direito brasileiro de devolver um m\u00ednimo de paz \u00e0 comunidade\u201d, avaliou Ciro, que revelou, em seguida, outro dado alarmante.<\/p>\n<p>\u201cS\u00f3 8% desses homic\u00eddios s\u00e3o investigados, pela absoluta falta de responsabilidade das estruturas centrais do governo brasileiro, diante de novidades sofisticadas e perigosas, de fac\u00e7\u00f5es criminosas, do narcotr\u00e1fico que movimenta milh\u00f5es. E n\u00e3o inovou uma lei, e n\u00e3o inovou um or\u00e7amento, h\u00e1 mais de dez anos, para confrontar esse fen\u00f4meno horr\u00edvel, que \u00e9 a viol\u00eancia urbana generalizada no nosso Pa\u00eds\u201d, alertou Ciro.<\/p>\n<p><strong>Coragem, ousadia e amor \u00e0 p\u00e1tria<\/strong><\/p>\n<p>Aplaudido durante toda a sua fala, Lupi tamb\u00e9m provocou a milit\u00e2ncia, ao afirmar que o momento vivido pelo Pa\u00eds exige \u201ccoragem, ousadia e amor \u00e0 p\u00e1tria brasileira\u201d. Segundo ele, Ciro tem o perfil necess\u00e1rio para enfrentar os poderosos, respons\u00e1veis pelo sistema financeiro que, em sua interpreta\u00e7\u00e3o, \u00e9 o c\u00e2ncer da sociedade moderna.<\/p>\n<p>\u201cO papel de um partido n\u00e3o \u00e9 falar o que a pesquisa diz que temos que falar para receber aplausos. \u00c9 debater, \u00e9 levantar teses, \u00e9 levantar ideais. Esse vai ser o papel do companheiro Ciro Gomes, e est\u00e1 sendo\u201d.<\/p>\n<p>\u201cN\u00f3s queremos um Brasil para os brasileiros. N\u00f3s queremos algu\u00e9m que tenha passado, presente e futuro, n\u00e3o s\u00f3 limpo na conduta honrada, mas tamb\u00e9m limpo no seu cora\u00e7\u00e3o de amor ao povo brasileiro. Voc\u00ea, com a sua vinda, est\u00e1 rejuvenescendo o PDT. Voc\u00ea, com sua vinda, est\u00e1 resgatando os valores brizolistas que andavam esquecidos. Voc\u00ea est\u00e1 fazendo a gente sonhar!\u201d, disse Lupi.<\/p>\n<p>Provocado por Lupi e Ciro a considerar disputar o governo do Esp\u00edrito Santo, S\u00e9rgio Vidigal enalteceu a gest\u00e3o do presidente que, em sua opini\u00e3o, \u00e9 conciliadora e perseverante. \u201c\u00c9 uma honra ter na nossa presid\u00eancia algu\u00e9m que leva esse partido pra frente, algu\u00e9m que n\u00e3o faz do partido um balc\u00e3o de negociatas\u201d, elogiou Vidigal, que tamb\u00e9m demonstrou entusiasmo e comprometimento com a pr\u00e9-candidatura de Ciro.<\/p>\n<p>\u201cDesde a \u00e9poca do Brizola, n\u00f3s n\u00e3o t\u00ednhamos o privil\u00e9gio de dizer \u2018N\u00f3s temos a solu\u00e7\u00e3o para o Brasil\u2019. N\u00f3s vamos subir e descer o morro. Onde ele pisar, n\u00f3s iremos pisar juntos. E n\u00e3o \u00e9 somente porque ele \u00e9 do PDT, mas porque a sua hist\u00f3ria engrandece a hist\u00f3ria da pol\u00edtica brasileira\u201d, concluiu S\u00e9rgio Vidigal.<\/p>\n<!-- AddThis Advanced Settings generic via filter on the_content --><!-- AddThis Share Buttons generic via filter on the_content -->","protected":false},"excerpt":{"rendered":"<p>A sede das mudan\u00e7as que o Brasil precisa levou mais de 1.000 pessoas \u00e0 Conven\u00e7\u00e3o Estadual do PDT do Esp\u00edrito Santo, realizada nesse s\u00e1bado (9), em Serra (ES), incluindo representantes de partidos aliados. Comandada pelo deputado federal S\u00e9rgio Vidigal, reconduzido \u00e0 presid\u00eancia estadual da legenda, a milit\u00e2ncia n\u00e3o conteve o entusiasmo, ao longo das falas&#8230;<!-- AddThis Advanced Settings generic via filter on wp_trim_excerpt --><!-- AddThis Share Buttons generic via filter on wp_trim_excerpt --><\/p>\n","protected":false},"author":17,"featured_media":58098,"comment_status":"closed","ping_status":"closed","sticky":false,"template":"","format":"standard","meta":{"_monsterinsights_skip_tracking":false,"_monsterinsights_sitenote_active":false,"_monsterinsights_sitenote_note":"","_monsterinsights_sitenote_category":0,"_uf_show_specific_survey":0,"_uf_disable_surveys":false,"footnotes":""},"categories":[1390],"tags":[196,220,38,873,1449,2740],"class_list":["post-58097","post","type-post","status-publish","format-standard","has-post-thumbnail","hentry","category-editorias","tag-carlos-lupi","tag-ciro-gomes","tag-pdt","tag-sergio-vidigal","tag-serra-es","tag-violencia-urbana"],"acf":[],"_links":{"self":[{"href":"https:\/\/pdt-rj.org.br\/index.php\/wp-json\/wp\/v2\/posts\/58097","targetHints":{"allow":["GET"]}}],"collection":[{"href":"https:\/\/pdt-rj.org.br\/index.php\/wp-json\/wp\/v2\/posts"}],"about":[{"href":"https:\/\/pdt-rj.org.br\/index.php\/wp-json\/wp\/v2\/types\/post"}],"author":[{"embeddable":true,"href":"https:\/\/pdt-rj.org.br\/index.php\/wp-json\/wp\/v2\/users\/17"}],"replies":[{"embeddable":true,"href":"https:\/\/pdt-rj.org.br\/index.php\/wp-json\/wp\/v2\/comments?post=58097"}],"version-history":[{"count":23,"href":"https:\/\/pdt-rj.org.br\/index.php\/wp-json\/wp\/v2\/posts\/58097\/revisions"}],"predecessor-version":[{"id":58172,"href":"https:\/\/pdt-rj.org.br\/index.php\/wp-json\/wp\/v2\/posts\/58097\/revisions\/58172"}],"wp:featuredmedia":[{"embeddable":true,"href":"https:\/\/pdt-rj.org.br\/index.php\/wp-json\/wp\/v2\/media\/58098"}],"wp:attachment":[{"href":"https:\/\/pdt-rj.org.br\/index.php\/wp-json\/wp\/v2\/media?parent=58097"}],"wp:term":[{"taxonomy":"category","embeddable":true,"href":"https:\/\/pdt-rj.org.br\/index.php\/wp-json\/wp\/v2\/categories?post=58097"},{"taxonomy":"post_tag","embeddable":true,"href":"https:\/\/pdt-rj.org.br\/index.php\/wp-json\/wp\/v2\/tags?post=58097"}],"curies":[{"name":"wp","href":"https:\/\/api.w.org\/{rel}","templated":true}]}}