{"id":58082,"date":"2017-12-07T11:00:48","date_gmt":"2017-12-07T13:00:48","guid":{"rendered":"http:\/\/pdt-rj.org.br\/?p=58082"},"modified":"2017-12-15T17:37:40","modified_gmt":"2017-12-15T19:37:40","slug":"pdt-reafirma-posicao-contra-reforma-da-previdencia-e-elege-andre-figueiredo-novo-lider-em-2018","status":"publish","type":"post","link":"https:\/\/pdt-rj.org.br\/index.php\/pdt-reafirma-posicao-contra-reforma-da-previdencia-e-elege-andre-figueiredo-novo-lider-em-2018\/","title":{"rendered":"PDT reafirma posi\u00e7\u00e3o contra Reforma da Previd\u00eancia e elege Andr\u00e9 Figueiredo novo l\u00edder em 2018"},"content":{"rendered":"<p>A bancada do PDT na C\u00e2mara escolheu, nesta quarta-feira(6), o deputado Andr\u00e9 Figueiredo (CE) para novo l\u00edder do partido na Casa em 2018. O parlamentar, eleito por unanimidade, assume a lideran\u00e7a a partir do dia 21 de dezembro de 2017, substituindo o deputado Weverton Rocha (MA). A bancada do PDT reafirmou na reuni\u00e3o, que teve a participa\u00e7\u00e3o do presidente da legenda, Carlos Lupi, o fechamento de quest\u00e3o contra a reforma da Previd\u00eancia.<\/p>\n<p>E a primeira miss\u00e3o do novo l\u00edder pedetista \u00e9 trabalhar para impedir a vota\u00e7\u00e3o da Reforma da Previd\u00eancia, proposta pelo Governo. Para Andr\u00e9 Figueiredo, quanto mais aprofundado for o debate sobre o tema da Reforma da Previd\u00eancia (PEC 287), mais incongru\u00eancias ser\u00e3o encontradas entre o discurso do Governo e a realidade. O pedetista contesta os dados apresentados em rela\u00e7\u00e3o ao suposto d\u00e9ficit previdenci\u00e1rio.<\/p>\n<p>\u201cEsse governo vem fazendo jogo de n\u00fameros e gerando uma situa\u00e7\u00e3o de extrema intranquilidade, defendendo a aprova\u00e7\u00e3o de uma medida perversa para o Brasil, ainda como parte de um pacote de maldades sobre a economia produtiva e o trabalhador, e que s\u00f3 aprofundar\u00e1 a crise no Brasil\u201d, alerta.<\/p>\n<p>O parlamentar explica que os dados demonstram que o principal problema econ\u00f4mico do Pa\u00eds est\u00e1 relacionado \u00e0 sonega\u00e7\u00e3o e evas\u00e3o de impostos. Ele destaca, ainda, que estes crimes equivalem a 13% do Produto Interno Bruto (PIB), mesma quantia que \u00e9 gasta para manter todo o sistema de Previd\u00eancia Social. De acordo com a Organiza\u00e7\u00e3o das Na\u00e7\u00f5es Unidas (ONU) e o Instituto de Estudos Socioecon\u00f4micos (Inesc), empresas deixam de pagar R$ 500 bilh\u00f5es ao Estado anualmente.<\/p>\n<p>\u201cA pergunta que n\u00e3o quer calar \u00e9: por que o Governo tem tanta dificuldade em cobrar e impedir esses crimes? Segundo dados da Procuradoria-Geral da Fazenda Nacional, s\u00f3 em rela\u00e7\u00e3o \u00e0 Previd\u00eancia Social, quase 700 mil empresas brasileiras devem R$ 302 bilh\u00f5es. A d\u00edvida de inadimplentes e sonegadores \u00e9 tr\u00eas vezes maior do que o suposto d\u00e9ficit apresentado como justificativa para a PEC 287\u201d, destaca Andr\u00e9.<\/p>\n<p><strong>Perfil<\/strong><\/p>\n<p>Nascido em Fortaleza, Andr\u00e9 Peixoto Figueiredo Lima \u00e9 formado em Economia e em Direito, pela Universidade Federal do Cear\u00e1 (UFC), e p\u00f3s-graduado em Com\u00e9rcio Exterior pela Universidade de Fortaleza (Unifor).<\/p>\n<p>Em seu terceiro mandato na C\u00e2mara, Andr\u00e9 tem vasta atua\u00e7\u00e3o legislativa e articula\u00e7\u00e3o pol\u00edtica. Foi l\u00edder da bancada pedetista em 2012, 2013 e em 2015, quando se afastou do mandato para assumir o cargo de Ministro das Comunica\u00e7\u00f5es.<\/p>\n<p><strong>Comiss\u00e3o<\/strong><\/p>\n<p>Durante a reuni\u00e3o da bancada, ficou definido tamb\u00e9m que o deputado Pompeo de Mattos (RS) ir\u00e1 presidir a comiss\u00e3o que couber ao partido no pr\u00f3ximo ano.<\/p>\n<!-- AddThis Advanced Settings generic via filter on the_content --><!-- AddThis Share Buttons generic via filter on the_content -->","protected":false},"excerpt":{"rendered":"<p>A bancada do PDT na C\u00e2mara escolheu, nesta quarta-feira(6), o deputado Andr\u00e9 Figueiredo (CE) para novo l\u00edder do partido na Casa em 2018. O parlamentar, eleito por unanimidade, assume a lideran\u00e7a a partir do dia 21 de dezembro de 2017, substituindo o deputado Weverton Rocha (MA). A bancada do PDT reafirmou na reuni\u00e3o, que teve&#8230;<!-- AddThis Advanced Settings generic via filter on wp_trim_excerpt --><!-- AddThis Share Buttons generic via filter on wp_trim_excerpt --><\/p>\n","protected":false},"author":17,"featured_media":58083,"comment_status":"closed","ping_status":"closed","sticky":false,"template":"","format":"standard","meta":{"_monsterinsights_skip_tracking":false,"_monsterinsights_sitenote_active":false,"_monsterinsights_sitenote_note":"","_monsterinsights_sitenote_category":0,"_uf_show_specific_survey":0,"_uf_disable_surveys":false,"footnotes":""},"categories":[1390],"tags":[34,196,5,746,1871,962],"class_list":["post-58082","post","type-post","status-publish","format-standard","has-post-thumbnail","hentry","category-editorias","tag-andre-figueiredo","tag-carlos-lupi","tag-pib","tag-pompeo-de-mattos","tag-produto-interno-bruto","tag-weverton-rocha"],"acf":[],"_links":{"self":[{"href":"https:\/\/pdt-rj.org.br\/index.php\/wp-json\/wp\/v2\/posts\/58082","targetHints":{"allow":["GET"]}}],"collection":[{"href":"https:\/\/pdt-rj.org.br\/index.php\/wp-json\/wp\/v2\/posts"}],"about":[{"href":"https:\/\/pdt-rj.org.br\/index.php\/wp-json\/wp\/v2\/types\/post"}],"author":[{"embeddable":true,"href":"https:\/\/pdt-rj.org.br\/index.php\/wp-json\/wp\/v2\/users\/17"}],"replies":[{"embeddable":true,"href":"https:\/\/pdt-rj.org.br\/index.php\/wp-json\/wp\/v2\/comments?post=58082"}],"version-history":[{"count":7,"href":"https:\/\/pdt-rj.org.br\/index.php\/wp-json\/wp\/v2\/posts\/58082\/revisions"}],"predecessor-version":[{"id":58160,"href":"https:\/\/pdt-rj.org.br\/index.php\/wp-json\/wp\/v2\/posts\/58082\/revisions\/58160"}],"wp:featuredmedia":[{"embeddable":true,"href":"https:\/\/pdt-rj.org.br\/index.php\/wp-json\/wp\/v2\/media\/58083"}],"wp:attachment":[{"href":"https:\/\/pdt-rj.org.br\/index.php\/wp-json\/wp\/v2\/media?parent=58082"}],"wp:term":[{"taxonomy":"category","embeddable":true,"href":"https:\/\/pdt-rj.org.br\/index.php\/wp-json\/wp\/v2\/categories?post=58082"},{"taxonomy":"post_tag","embeddable":true,"href":"https:\/\/pdt-rj.org.br\/index.php\/wp-json\/wp\/v2\/tags?post=58082"}],"curies":[{"name":"wp","href":"https:\/\/api.w.org\/{rel}","templated":true}]}}