{"id":58064,"date":"2017-12-04T17:47:35","date_gmt":"2017-12-04T19:47:35","guid":{"rendered":"http:\/\/pdt-rj.org.br\/?p=58064"},"modified":"2018-07-12T13:26:10","modified_gmt":"2018-07-12T16:26:10","slug":"vereador-marcio-bins-ely-e-eleito-vice-presidente-de-conselho-da-internacional-socialista","status":"publish","type":"post","link":"https:\/\/pdt-rj.org.br\/index.php\/vereador-marcio-bins-ely-e-eleito-vice-presidente-de-conselho-da-internacional-socialista\/","title":{"rendered":"Vereador M\u00e1rcio Bins Ely \u00e9 eleito vice-presidente de Comit\u00ea da Internacional Socialista"},"content":{"rendered":"<p>O vereador M\u00e1rcio Bins Ely foi eleito vice-presidente do Comit\u00ea de Administra\u00e7\u00e3o e Finan\u00e7as da Internacional Socialista (IS) na \u00faltima reuni\u00e3o do Conselho Mundial da entidade, que aconteceu dias 24 e 25, em Barcelona, Espanha e teve teve a participa\u00e7\u00e3o do presidente nacional do PDT, Carlos Lupi, um dos vice-presidentes da institui\u00e7\u00e3o.<\/p>\n<p>O encontro discutiu temas relacionados \u00e0 democracia, aos conflitos e \u00e0 busca da paz mundial, al\u00e9m de alternativas para a crise humanit\u00e1ria dos refugiados e grupos em situa\u00e7\u00e3o de vulnerabilidade. No evento, as delega\u00e7\u00f5es manifestarem apoio ao Dia Internacional da N\u00e3o-Viol\u00eancia contra a Mulher, lembrado por eventos realizados em todo mundo dia 25 de novembro.<\/p>\n<p>Nos encontros da IS, M\u00e1rcio Bins articula contatos e leva sugest\u00f5es relativas a assuntos urban\u00edsticos, que j\u00e1 apresentam bons resultado em outras cidades. Ele tamb\u00e9m busca alternativas para a promo\u00e7\u00e3o do desenvolvimento econ\u00f4mico de nosso pa\u00eds e de Porto Alegre.<\/p>\n<p>No m\u00eas de junho, M\u00e1rcio Bins participou do F\u00f3rum de Partidos Pol\u00edticos do Brics (Bloco econ\u00f4mico formado por Brasil, R\u00fassia, \u00cdndia, China e \u00c1frica do Sul), realizado na China, com mais de 400 representantes de v\u00e1rios pa\u00edses. Na ocasi\u00e3o, apresentou sua contribui\u00e7\u00e3o em tr\u00eas semin\u00e1rios sobre o papel dos partidos pol\u00edticos e de seus l\u00edderes no desenvolvimento nacional e coopera\u00e7\u00e3o entre os pa\u00edses do bloco e a import\u00e2ncia da participa\u00e7\u00e3o da sociedade civil para o Brics avan\u00e7ar na institucionaliza\u00e7\u00e3o de seus sistemas de coopera\u00e7\u00e3o, transpar\u00eancia e debate p\u00fablico.<\/p>\n<!-- AddThis Advanced Settings generic via filter on the_content --><!-- AddThis Share Buttons generic via filter on the_content -->","protected":false},"excerpt":{"rendered":"<p>O vereador M\u00e1rcio Bins Ely foi eleito vice-presidente do Comit\u00ea de Administra\u00e7\u00e3o e Finan\u00e7as da Internacional Socialista (IS) na \u00faltima reuni\u00e3o do Conselho Mundial da entidade, que aconteceu dias 24 e 25, em Barcelona, Espanha e teve teve a participa\u00e7\u00e3o do presidente nacional do PDT, Carlos Lupi, um dos vice-presidentes da institui\u00e7\u00e3o. O encontro discutiu&#8230;<!-- AddThis Advanced Settings generic via filter on wp_trim_excerpt --><!-- AddThis Share Buttons generic via filter on wp_trim_excerpt --><\/p>\n","protected":false},"author":17,"featured_media":58065,"comment_status":"closed","ping_status":"closed","sticky":false,"template":"","format":"standard","meta":{"_monsterinsights_skip_tracking":false,"_monsterinsights_sitenote_active":false,"_monsterinsights_sitenote_note":"","_monsterinsights_sitenote_category":0,"_uf_show_specific_survey":0,"_uf_disable_surveys":false,"footnotes":""},"categories":[1390,3030],"tags":[196,596],"class_list":["post-58064","post","type-post","status-publish","format-standard","has-post-thumbnail","hentry","category-editorias","category-internacional","tag-carlos-lupi","tag-marcio-bins-ely"],"acf":[],"_links":{"self":[{"href":"https:\/\/pdt-rj.org.br\/index.php\/wp-json\/wp\/v2\/posts\/58064","targetHints":{"allow":["GET"]}}],"collection":[{"href":"https:\/\/pdt-rj.org.br\/index.php\/wp-json\/wp\/v2\/posts"}],"about":[{"href":"https:\/\/pdt-rj.org.br\/index.php\/wp-json\/wp\/v2\/types\/post"}],"author":[{"embeddable":true,"href":"https:\/\/pdt-rj.org.br\/index.php\/wp-json\/wp\/v2\/users\/17"}],"replies":[{"embeddable":true,"href":"https:\/\/pdt-rj.org.br\/index.php\/wp-json\/wp\/v2\/comments?post=58064"}],"version-history":[{"count":7,"href":"https:\/\/pdt-rj.org.br\/index.php\/wp-json\/wp\/v2\/posts\/58064\/revisions"}],"predecessor-version":[{"id":60250,"href":"https:\/\/pdt-rj.org.br\/index.php\/wp-json\/wp\/v2\/posts\/58064\/revisions\/60250"}],"wp:featuredmedia":[{"embeddable":true,"href":"https:\/\/pdt-rj.org.br\/index.php\/wp-json\/wp\/v2\/media\/58065"}],"wp:attachment":[{"href":"https:\/\/pdt-rj.org.br\/index.php\/wp-json\/wp\/v2\/media?parent=58064"}],"wp:term":[{"taxonomy":"category","embeddable":true,"href":"https:\/\/pdt-rj.org.br\/index.php\/wp-json\/wp\/v2\/categories?post=58064"},{"taxonomy":"post_tag","embeddable":true,"href":"https:\/\/pdt-rj.org.br\/index.php\/wp-json\/wp\/v2\/tags?post=58064"}],"curies":[{"name":"wp","href":"https:\/\/api.w.org\/{rel}","templated":true}]}}