{"id":58058,"date":"2017-12-04T16:29:16","date_gmt":"2017-12-04T18:29:16","guid":{"rendered":"http:\/\/pdt-rj.org.br\/?p=58058"},"modified":"2017-12-15T17:42:35","modified_gmt":"2017-12-15T19:42:35","slug":"em-brasilia-miguelina-vecchio-incentiva-a-participacao-das-mulheres-na-politica","status":"publish","type":"post","link":"https:\/\/pdt-rj.org.br\/index.php\/em-brasilia-miguelina-vecchio-incentiva-a-participacao-das-mulheres-na-politica\/","title":{"rendered":"Em Bras\u00edlia, Miguelina Vecchio incentiva a participa\u00e7\u00e3o das mulheres na pol\u00edtica"},"content":{"rendered":"<p class=\"yiv3977224443gmail-MsoNormal\">Com o objetivo de incentivar uma maior participa\u00e7\u00e3o da mulher na pol\u00edtica, a presidente nacional da A\u00e7\u00e3o da Mulher Trabalhista do PDT, Miguelina Vecchio, esteve no \u00faltimo s\u00e1bado (02), na C\u00e2mara Legislativa do Distrito Federal, para palestrar no Semin\u00e1rio \u201cMais Mulheres na Pol\u00edtica\u201d.<\/p>\n<p class=\"yiv3977224443gmail-MsoNormal\">Na ocasi\u00e3o, Miguelina relatou ao p\u00fablico presente todas as suas lutas no Brasil e no mundo para a mulher ocupar de fato o espa\u00e7o que lhe pertence.<\/p>\n<p class=\"yiv3977224443gmail-MsoNormal\">\u201cSou soci\u00f3loga e venho enfrentando o universo masculino para defender o espa\u00e7o da mulher h\u00e1 mais de 20 anos. E hoje, conseguimos mais espa\u00e7os para as mulheres na Executiva Nacional e executivas estaduais do nosso partido\u201d, disse Miguelina Vecchio.<\/p>\n<p class=\"yiv3977224443gmail-MsoNormal\">A presidente da AMT-DF, Ero\u00eddes Lessa, uma das organizadoras do evento destacou a import\u00e2ncia do semin\u00e1rio para as mulheres se engajarem na pol\u00edtica. \u201cConvidamos a nossa presidente nacional Miguelina, para ela mostrar as mulheres do Distrito Federal toda a sua for\u00e7a e garra para enfrentar as dificuldades\u201d, afirmou Ero\u00eddes Lessa.<\/p>\n<p class=\"yiv3977224443gmail-MsoNormal\">O semin\u00e1rio teve ainda a participa\u00e7\u00e3o de pr\u00e9-candidatas \u00e0 deputada distrital do PDT como a advogada L\u00facia Bessa, a cigana Daiane da Rocha, al\u00e9m da l\u00edder comunit\u00e1ria Francisca C\u00f4rte.<\/p>\n<p class=\"yiv3977224443gmail-MsoNormal\">L\u00facia Bessa falou da import\u00e2ncia do combate \u00e0 viol\u00eancia dom\u00e9stica, a cigana Daiane da Rocha ressaltou a inser\u00e7\u00e3o do povo cigano no cen\u00e1rio pol\u00edtico do DF, e a l\u00edder comunit\u00e1ria, Francisca C\u00f4rte, falou que as mulheres das comunidades mais carentes do DF, devem ter vez e voz na pol\u00edtica.<\/p>\n<!-- AddThis Advanced Settings generic via filter on the_content --><!-- AddThis Share Buttons generic via filter on the_content -->","protected":false},"excerpt":{"rendered":"<p>Com o objetivo de incentivar uma maior participa\u00e7\u00e3o da mulher na pol\u00edtica, a presidente nacional da A\u00e7\u00e3o da Mulher Trabalhista do PDT, Miguelina Vecchio, esteve no \u00faltimo s\u00e1bado (02), na C\u00e2mara Legislativa do Distrito Federal, para palestrar no Semin\u00e1rio \u201cMais Mulheres na Pol\u00edtica\u201d. Na ocasi\u00e3o, Miguelina relatou ao p\u00fablico presente todas as suas lutas no&#8230;<!-- AddThis Advanced Settings generic via filter on wp_trim_excerpt --><!-- AddThis Share Buttons generic via filter on wp_trim_excerpt --><\/p>\n","protected":false},"author":17,"featured_media":58059,"comment_status":"closed","ping_status":"closed","sticky":false,"template":"","format":"standard","meta":{"_monsterinsights_skip_tracking":false,"_monsterinsights_sitenote_active":false,"_monsterinsights_sitenote_note":"","_monsterinsights_sitenote_category":0,"_uf_show_specific_survey":0,"_uf_disable_surveys":false,"footnotes":""},"categories":[1585,1390,1397],"tags":[87,366,614,38],"class_list":["post-58058","post","type-post","status-publish","format-standard","has-post-thumbnail","hentry","category-amt","category-editorias","category-movimentos","tag-acao-da-mulher-trabalhista","tag-eroides-lessa","tag-miguelina-vecchio","tag-pdt"],"acf":[],"_links":{"self":[{"href":"https:\/\/pdt-rj.org.br\/index.php\/wp-json\/wp\/v2\/posts\/58058","targetHints":{"allow":["GET"]}}],"collection":[{"href":"https:\/\/pdt-rj.org.br\/index.php\/wp-json\/wp\/v2\/posts"}],"about":[{"href":"https:\/\/pdt-rj.org.br\/index.php\/wp-json\/wp\/v2\/types\/post"}],"author":[{"embeddable":true,"href":"https:\/\/pdt-rj.org.br\/index.php\/wp-json\/wp\/v2\/users\/17"}],"replies":[{"embeddable":true,"href":"https:\/\/pdt-rj.org.br\/index.php\/wp-json\/wp\/v2\/comments?post=58058"}],"version-history":[{"count":2,"href":"https:\/\/pdt-rj.org.br\/index.php\/wp-json\/wp\/v2\/posts\/58058\/revisions"}],"predecessor-version":[{"id":58161,"href":"https:\/\/pdt-rj.org.br\/index.php\/wp-json\/wp\/v2\/posts\/58058\/revisions\/58161"}],"wp:featuredmedia":[{"embeddable":true,"href":"https:\/\/pdt-rj.org.br\/index.php\/wp-json\/wp\/v2\/media\/58059"}],"wp:attachment":[{"href":"https:\/\/pdt-rj.org.br\/index.php\/wp-json\/wp\/v2\/media?parent=58058"}],"wp:term":[{"taxonomy":"category","embeddable":true,"href":"https:\/\/pdt-rj.org.br\/index.php\/wp-json\/wp\/v2\/categories?post=58058"},{"taxonomy":"post_tag","embeddable":true,"href":"https:\/\/pdt-rj.org.br\/index.php\/wp-json\/wp\/v2\/tags?post=58058"}],"curies":[{"name":"wp","href":"https:\/\/api.w.org\/{rel}","templated":true}]}}