{"id":58023,"date":"2017-12-01T02:38:24","date_gmt":"2017-12-01T04:38:24","guid":{"rendered":"http:\/\/pdt-rj.org.br\/?p=58023"},"modified":"2017-12-01T02:38:24","modified_gmt":"2017-12-01T04:38:24","slug":"lupi-defende-ativismo-da-diversidade-trabalhista-para-a-construcao-do-projeto-nacional","status":"publish","type":"post","link":"https:\/\/pdt-rj.org.br\/index.php\/lupi-defende-ativismo-da-diversidade-trabalhista-para-a-construcao-do-projeto-nacional\/","title":{"rendered":"Lupi defende ativismo da diversidade trabalhista para a constru\u00e7\u00e3o do projeto nacional"},"content":{"rendered":"<p>Uma pol\u00edtica de direitos humanos inclusivos \u00e0 popula\u00e7\u00e3o LGBT. Esse foi o tema de debate do I Congresso Estadual do PDT Diversidade, realizado nessa quinta-feira (30), em Fortaleza (CE). O evento, que elegeu a Executiva Estadual do movimento, foi prestigiado pelo presidente nacional do PDT, Carlos Lupi, pelo pr\u00e9-candidato \u00e0 Presid\u00eancia da Rep\u00fablica pelo PDT, Ciro Gomes, pelo presidente estadual da legenda, deputado federal Andr\u00e9 Figueiredo, e pelos presidentes nacional e estadual do PDT diversidade, Amanda Anderson e Andr\u00e9 Lacerda; al\u00e9m de representantes de movimentos sociais e milit\u00e2ncia.<\/p>\n<p>Para Lupi, o ativismo da diversidade trabalhista \u00e9 essencial para a composi\u00e7\u00e3o do projeto nacional que vem sendo constru\u00eddo pelo partido. \u201cPara construirmos uma alternativa para o Brasil precisamos debater e avan\u00e7ar na constru\u00e7\u00e3o de uma pol\u00edtica inclusiva \u00e0 popula\u00e7\u00e3o LGBT. \u00c9 preciso colocar um fim no preconceito e na viol\u00eancia que cresce no nosso pa\u00eds\u201d, disse.<\/p>\n<p>Andr\u00e9 Figueiredo refor\u00e7ou a import\u00e2ncia da cria\u00e7\u00e3o do movimento no Cear\u00e1, ampliando ainda mais o di\u00e1logo e uma a\u00e7\u00e3o em favor dos movimentos LGBTs.<\/p>\n<p>\u201cO PDT do Cear\u00e1 est\u00e1 junto nas lutas em defesa dos movimentos sociais e vamos caminhar juntos para combater o preconceito, as desigualdades e as diversas formas de viol\u00eancia que a popula\u00e7\u00e3o LGBT est\u00e1 exposta hoje. N\u00e3o podemos avan\u00e7ar em um pa\u00eds justo e igual com esses valores excludentes ainda t\u00e3o presentes na nossa sociedade\u201d, alertou.<\/p>\n<p>Para Ciro Gomes, que abordou temas como desemprego, preconceito e seguran\u00e7a p\u00fablica, o Brasil precisa debater o equivocado modelo atual de Estado e de Na\u00e7\u00e3o.<\/p>\n<p>\u201cEssa \u00e9 a tarefa da milit\u00e2ncia do PDT. Cada um de n\u00f3s temos um papel a cumprir. N\u00e3o adianta s\u00f3 termos di\u00e1logo, respeito, a toler\u00e2ncia como princ\u00edpio e a convic\u00e7\u00e3o de que toda forma de amor \u00e9 justa. Eu cresci com esses valores. De nada adianta isso, se reproduzimos a cultura atual inadvertidamente. Um novo vocabul\u00e1rio que traz um conjunto de novos valores precisa tamb\u00e9m ser discutido pela sociedade brasileira\u201d, disse.<\/p>\n<!-- AddThis Advanced Settings generic via filter on the_content --><!-- AddThis Share Buttons generic via filter on the_content -->","protected":false},"excerpt":{"rendered":"<p>Uma pol\u00edtica de direitos humanos inclusivos \u00e0 popula\u00e7\u00e3o LGBT. Esse foi o tema de debate do I Congresso Estadual do PDT Diversidade, realizado nessa quinta-feira (30), em Fortaleza (CE). O evento, que elegeu a Executiva Estadual do movimento, foi prestigiado pelo presidente nacional do PDT, Carlos Lupi, pelo pr\u00e9-candidato \u00e0 Presid\u00eancia da Rep\u00fablica pelo PDT,&#8230;<!-- AddThis Advanced Settings generic via filter on wp_trim_excerpt --><!-- AddThis Share Buttons generic via filter on wp_trim_excerpt --><\/p>\n","protected":false},"author":17,"featured_media":58024,"comment_status":"closed","ping_status":"closed","sticky":false,"template":"","format":"standard","meta":{"_monsterinsights_skip_tracking":false,"_monsterinsights_sitenote_active":false,"_monsterinsights_sitenote_note":"","_monsterinsights_sitenote_category":0,"_uf_show_specific_survey":0,"_uf_disable_surveys":false,"footnotes":""},"categories":[976],"tags":[51,34,196,220],"class_list":["post-58023","post","type-post","status-publish","format-standard","has-post-thumbnail","hentry","category-noticias-em-destaque","tag-amanda-anderson","tag-andre-figueiredo","tag-carlos-lupi","tag-ciro-gomes"],"acf":[],"_links":{"self":[{"href":"https:\/\/pdt-rj.org.br\/index.php\/wp-json\/wp\/v2\/posts\/58023","targetHints":{"allow":["GET"]}}],"collection":[{"href":"https:\/\/pdt-rj.org.br\/index.php\/wp-json\/wp\/v2\/posts"}],"about":[{"href":"https:\/\/pdt-rj.org.br\/index.php\/wp-json\/wp\/v2\/types\/post"}],"author":[{"embeddable":true,"href":"https:\/\/pdt-rj.org.br\/index.php\/wp-json\/wp\/v2\/users\/17"}],"replies":[{"embeddable":true,"href":"https:\/\/pdt-rj.org.br\/index.php\/wp-json\/wp\/v2\/comments?post=58023"}],"version-history":[{"count":1,"href":"https:\/\/pdt-rj.org.br\/index.php\/wp-json\/wp\/v2\/posts\/58023\/revisions"}],"predecessor-version":[{"id":58025,"href":"https:\/\/pdt-rj.org.br\/index.php\/wp-json\/wp\/v2\/posts\/58023\/revisions\/58025"}],"wp:featuredmedia":[{"embeddable":true,"href":"https:\/\/pdt-rj.org.br\/index.php\/wp-json\/wp\/v2\/media\/58024"}],"wp:attachment":[{"href":"https:\/\/pdt-rj.org.br\/index.php\/wp-json\/wp\/v2\/media?parent=58023"}],"wp:term":[{"taxonomy":"category","embeddable":true,"href":"https:\/\/pdt-rj.org.br\/index.php\/wp-json\/wp\/v2\/categories?post=58023"},{"taxonomy":"post_tag","embeddable":true,"href":"https:\/\/pdt-rj.org.br\/index.php\/wp-json\/wp\/v2\/tags?post=58023"}],"curies":[{"name":"wp","href":"https:\/\/api.w.org\/{rel}","templated":true}]}}