{"id":58006,"date":"2017-11-28T20:18:48","date_gmt":"2017-11-28T22:18:48","guid":{"rendered":"http:\/\/pdt-rj.org.br\/?p=58006"},"modified":"2017-12-04T16:50:38","modified_gmt":"2017-12-04T18:50:38","slug":"lupi-e-manoel-dias-defendem-uniao-entre-partidos-pela-democracia-do-brasil","status":"publish","type":"post","link":"https:\/\/pdt-rj.org.br\/index.php\/lupi-e-manoel-dias-defendem-uniao-entre-partidos-pela-democracia-do-brasil\/","title":{"rendered":"Carlos Lupi defende uni\u00e3o entre partidos pela democracia do Brasil"},"content":{"rendered":"<p>O presidente nacional do PDT, Carlos Lupi, defendeu, nesta ter\u00e7a-feira (28), em Bras\u00edlia, durante a Oficina das Funda\u00e7\u00f5es, a uni\u00e3o entre os partidos para que o Brasil tenha uma democracia s\u00f3lida. Al\u00e9m da legenda pedetista, o encontro reuniu dirigentes do PT, do PCdoB, do PSB, que debateram a base m\u00ednima de um novo projeto de desenvolvimento para o Pa\u00eds.<\/p>\n<p>\u201cEsse grupo n\u00e3o pode ficar apenas nesse encontro. Tem que se aprofundar em sa\u00eddas para o Brasil. Temos que ter muita lucidez, muita tranquilidade e aprender muito com o que j\u00e1 aconteceu no nosso passado, com falta de democracia\u201d, afirmou Lupi.<\/p>\n<p>\u201cHoje n\u00e3o se precisa de Ex\u00e9rcito na rua para uma ditadura. N\u00f3s vivemos uma ditadura de uma elite que quer retirar direitos e deter os avan\u00e7os da sociedade\u201d, completou Lupi.<\/p>\n<p>Tamb\u00e9m presente no encontro, Manoel Dias, que \u00e9 o secret\u00e1rio-geral nacional do PDT e presidente da Funda\u00e7\u00e3o Leonel Brizola \u2013 Alberto Pasqualini (FLB-AP), refor\u00e7ou o tom de mobiliza\u00e7\u00e3o e exaltou as a\u00e7\u00f5es realizadas pelas funda\u00e7\u00f5es Perseu Abramo, do PT, Maur\u00edcio Grabois, e Jo\u00e3o Mangabeira, do PSB.<\/p>\n<p>\u201cA elite tenta, historicamente, nos dividir, mas devemos reafirmar, nesse momento conturbado do Brasil, que estamos unidos para seguir na luta contra o neoliberalismo e os desmandos do governo federal\u201c, indicou.<\/p>\n<p>Para a presidente do PT, Gleisi Hoffmann, fora da pol\u00edtica e da democracia, n\u00e3o h\u00e1 como garantir os direitos b\u00e1sicos da popula\u00e7\u00e3o. A dirigente criticou a reforma trabalhista e classificou a medida como uma das \u201cmaiores viol\u00eancias contra o povo trabalhador brasileiros\u201d.<\/p>\n<p>\u201cO que est\u00e3o fazendo com as pessoas \u00e9 injustific\u00e1vel. \u00c9 esse desmonte que estamos vivendo no Brasil, das garantias, dos direitos, mas tamb\u00e9m da democracia brasileira. A invers\u00e3o de pap\u00e9is, a judicializa\u00e7\u00e3o da pol\u00edtica, a politizado do Judici\u00e1rio. A gente nossa criar uma frente de esquerda para elei\u00e7\u00f5es livres e democr\u00e1ticas em 2018\u201d.<\/p>\n<p>J\u00e1 a presidenta do PCdoB, Luciana Santos, elogiou o fato de as funda\u00e7\u00f5es se disporem como ferramentas fundamentais para os partidos apresentar sa\u00eddas e ideias para os impasses contempor\u00e2neos do desenvolvimento nacional. \u201cMais do que nunca n\u00f3s precisamos beber nessas fontes, \u00e9 a experi\u00eancia concreta que pode nos encaminhar caminhos. Estamos \u00e0 disposi\u00e7\u00e3o para poder, a partir de uma plataforma b\u00e1sica e de um ac\u00famulo te\u00f3rico de cada partido, fazer uma constru\u00e7\u00e3o coletiva. N\u00f3s acreditamos muito nisso\u201d, finalizou Luciana.<\/p>\n<p>Carlos Siqueira, presidente do PSB, fez uma rela\u00e7\u00e3o entre o atual momento vivido pelo Brasil e a ditadura militar. \u201cO momento que estamos vivendo \u00e9 de tal maneira negativo para o povo, que nem mesmo na ditadura, foi t\u00e3o dif\u00edcil\u201d.<\/p>\n<p>Para ele, a uni\u00e3o entre os partidos \u00e9 relevante para construir uma caminhada contra o conservadorismo que a sociedade brasileira tem vivido. \u201cA nossa luta \u00e9 permanente e as futuras gera\u00e7\u00f5es haver\u00e3o de dar sequ\u00eancia a essa luta\u201d.<\/p>\n<!-- AddThis Advanced Settings generic via filter on the_content --><!-- AddThis Share Buttons generic via filter on the_content -->","protected":false},"excerpt":{"rendered":"<p>O presidente nacional do PDT, Carlos Lupi, defendeu, nesta ter\u00e7a-feira (28), em Bras\u00edlia, durante a Oficina das Funda\u00e7\u00f5es, a uni\u00e3o entre os partidos para que o Brasil tenha uma democracia s\u00f3lida. Al\u00e9m da legenda pedetista, o encontro reuniu dirigentes do PT, do PCdoB, do PSB, que debateram a base m\u00ednima de um novo projeto de&#8230;<!-- AddThis Advanced Settings generic via filter on wp_trim_excerpt --><!-- AddThis Share Buttons generic via filter on wp_trim_excerpt --><\/p>\n","protected":false},"author":17,"featured_media":58007,"comment_status":"closed","ping_status":"closed","sticky":false,"template":"","format":"standard","meta":{"_monsterinsights_skip_tracking":false,"_monsterinsights_sitenote_active":false,"_monsterinsights_sitenote_note":"","_monsterinsights_sitenote_category":0,"_uf_show_specific_survey":0,"_uf_disable_surveys":false,"footnotes":""},"categories":[1390],"tags":[196,591,38],"class_list":["post-58006","post","type-post","status-publish","format-standard","has-post-thumbnail","hentry","category-editorias","tag-carlos-lupi","tag-manoel-dias","tag-pdt"],"acf":[],"_links":{"self":[{"href":"https:\/\/pdt-rj.org.br\/index.php\/wp-json\/wp\/v2\/posts\/58006","targetHints":{"allow":["GET"]}}],"collection":[{"href":"https:\/\/pdt-rj.org.br\/index.php\/wp-json\/wp\/v2\/posts"}],"about":[{"href":"https:\/\/pdt-rj.org.br\/index.php\/wp-json\/wp\/v2\/types\/post"}],"author":[{"embeddable":true,"href":"https:\/\/pdt-rj.org.br\/index.php\/wp-json\/wp\/v2\/users\/17"}],"replies":[{"embeddable":true,"href":"https:\/\/pdt-rj.org.br\/index.php\/wp-json\/wp\/v2\/comments?post=58006"}],"version-history":[{"count":8,"href":"https:\/\/pdt-rj.org.br\/index.php\/wp-json\/wp\/v2\/posts\/58006\/revisions"}],"predecessor-version":[{"id":58061,"href":"https:\/\/pdt-rj.org.br\/index.php\/wp-json\/wp\/v2\/posts\/58006\/revisions\/58061"}],"wp:featuredmedia":[{"embeddable":true,"href":"https:\/\/pdt-rj.org.br\/index.php\/wp-json\/wp\/v2\/media\/58007"}],"wp:attachment":[{"href":"https:\/\/pdt-rj.org.br\/index.php\/wp-json\/wp\/v2\/media?parent=58006"}],"wp:term":[{"taxonomy":"category","embeddable":true,"href":"https:\/\/pdt-rj.org.br\/index.php\/wp-json\/wp\/v2\/categories?post=58006"},{"taxonomy":"post_tag","embeddable":true,"href":"https:\/\/pdt-rj.org.br\/index.php\/wp-json\/wp\/v2\/tags?post=58006"}],"curies":[{"name":"wp","href":"https:\/\/api.w.org\/{rel}","templated":true}]}}