{"id":57976,"date":"2017-11-24T13:58:01","date_gmt":"2017-11-24T15:58:01","guid":{"rendered":"http:\/\/pdt-rj.org.br\/?p=57976"},"modified":"2017-12-01T17:31:59","modified_gmt":"2017-12-01T19:31:59","slug":"lupi-participa-de-reuniao-da-internacional-socialista-em-barcelona","status":"publish","type":"post","link":"https:\/\/pdt-rj.org.br\/index.php\/lupi-participa-de-reuniao-da-internacional-socialista-em-barcelona\/","title":{"rendered":"Lupi participa de reuni\u00e3o da Internacional Socialista em Barcelona, na Espanha"},"content":{"rendered":"<div>O presidente nacional do PDT, Carlos Lupi, est\u00e1 em Barcelona, na Espanha, onde participa da Reuni\u00e3o do Conselho de Administra\u00e7\u00e3o da Internacional Socialista (IS). O PDT \u00e9 o \u00fanico partido brasileiro filiado \u00e0 IS e Lupi \u00e9 um dos vice-presidentes da institui\u00e7\u00e3o.<\/div>\n<div><\/div>\n<div>Entre os assuntos discutidos, a crise pol\u00edtica vivida atualmente na Espanha, onde separatistas defendem a independ\u00eancia da regi\u00e3o da Catalunha. O encontro acontece hoje e amanh\u00e3, tamb\u00e9m tem como pain\u00e9is de discuss\u00f5es a constru\u00e7\u00e3o do futuro nas esquerdas: democracia, igualdade e solidariedade e trabalhando pela estabilidade e a paz em um mundo de conflitos.<\/div>\n<div><\/div>\n<div>Lupi tem discurso previsto para o final desta sexta-feira, onde falar\u00e1 sobre a crise pol\u00edtica espanhola, turbinada pelo movimento separatista da Catalunha.<\/div>\n<!-- AddThis Advanced Settings generic via filter on the_content --><!-- AddThis Share Buttons generic via filter on the_content -->","protected":false},"excerpt":{"rendered":"<p>O presidente nacional do PDT, Carlos Lupi, est\u00e1 em Barcelona, na Espanha, onde participa da Reuni\u00e3o do Conselho de Administra\u00e7\u00e3o da Internacional Socialista (IS). O PDT \u00e9 o \u00fanico partido brasileiro filiado \u00e0 IS e Lupi \u00e9 um dos vice-presidentes da institui\u00e7\u00e3o. Entre os assuntos discutidos, a crise pol\u00edtica vivida atualmente na Espanha, onde separatistas&#8230;<!-- AddThis Advanced Settings generic via filter on wp_trim_excerpt --><!-- AddThis Share Buttons generic via filter on wp_trim_excerpt --><\/p>\n","protected":false},"author":17,"featured_media":57977,"comment_status":"closed","ping_status":"closed","sticky":false,"template":"","format":"standard","meta":{"_monsterinsights_skip_tracking":false,"_monsterinsights_sitenote_active":false,"_monsterinsights_sitenote_note":"","_monsterinsights_sitenote_category":0,"_uf_show_specific_survey":0,"_uf_disable_surveys":false,"footnotes":""},"categories":[1390],"tags":[196,500,38],"class_list":["post-57976","post","type-post","status-publish","format-standard","has-post-thumbnail","hentry","category-editorias","tag-carlos-lupi","tag-internacional-socialista","tag-pdt"],"acf":[],"_links":{"self":[{"href":"https:\/\/pdt-rj.org.br\/index.php\/wp-json\/wp\/v2\/posts\/57976","targetHints":{"allow":["GET"]}}],"collection":[{"href":"https:\/\/pdt-rj.org.br\/index.php\/wp-json\/wp\/v2\/posts"}],"about":[{"href":"https:\/\/pdt-rj.org.br\/index.php\/wp-json\/wp\/v2\/types\/post"}],"author":[{"embeddable":true,"href":"https:\/\/pdt-rj.org.br\/index.php\/wp-json\/wp\/v2\/users\/17"}],"replies":[{"embeddable":true,"href":"https:\/\/pdt-rj.org.br\/index.php\/wp-json\/wp\/v2\/comments?post=57976"}],"version-history":[{"count":6,"href":"https:\/\/pdt-rj.org.br\/index.php\/wp-json\/wp\/v2\/posts\/57976\/revisions"}],"predecessor-version":[{"id":58030,"href":"https:\/\/pdt-rj.org.br\/index.php\/wp-json\/wp\/v2\/posts\/57976\/revisions\/58030"}],"wp:featuredmedia":[{"embeddable":true,"href":"https:\/\/pdt-rj.org.br\/index.php\/wp-json\/wp\/v2\/media\/57977"}],"wp:attachment":[{"href":"https:\/\/pdt-rj.org.br\/index.php\/wp-json\/wp\/v2\/media?parent=57976"}],"wp:term":[{"taxonomy":"category","embeddable":true,"href":"https:\/\/pdt-rj.org.br\/index.php\/wp-json\/wp\/v2\/categories?post=57976"},{"taxonomy":"post_tag","embeddable":true,"href":"https:\/\/pdt-rj.org.br\/index.php\/wp-json\/wp\/v2\/tags?post=57976"}],"curies":[{"name":"wp","href":"https:\/\/api.w.org\/{rel}","templated":true}]}}