{"id":57975,"date":"2017-11-27T17:17:25","date_gmt":"2017-11-27T19:17:25","guid":{"rendered":"http:\/\/pdt-rj.org.br\/?p=57975"},"modified":"2017-11-27T17:25:05","modified_gmt":"2017-11-27T19:25:05","slug":"alunos-de-escola-publica-poderao-cursar-gratuitamente-cursos-preparatorios-para-acesso-a-educacao-superior","status":"publish","type":"post","link":"https:\/\/pdt-rj.org.br\/index.php\/alunos-de-escola-publica-poderao-cursar-gratuitamente-cursos-preparatorios-para-acesso-a-educacao-superior\/","title":{"rendered":"Comiss\u00e3o de Educa\u00e7\u00e3o aprova curso gratuito para aluno de escola p\u00fablica ingressar na universidade"},"content":{"rendered":"<p>As Institui\u00e7\u00f5es de Ensino Superior (IES) do Pa\u00eds poder\u00e3o ofertar, gratuitamente, aos alunos de escola p\u00fablica, cursos preparat\u00f3rios para acesso a educa\u00e7\u00e3o superior. \u00c9 o que prev\u00ea o substitutivo, do deputado Dami\u00e3o Feliciano (PDT-PB), ao Projeto de Lei 6135\/16, aprovado na \u00faltima semana pela C\u00e2mara dos Deputados.<\/p>\n<p>A proposta altera a Lei de Diretrizes e Bases da Educa\u00e7\u00e3o Nacional (n\u00ba 9.394, de 1996) e,\u00a0de acordo com o texto, o tempo de dura\u00e7\u00e3o dos cursos ser\u00e1 de seis meses, sem preju\u00edzo da qualidade e com a inten\u00e7\u00e3o de ampliar a oferta de turmas.<\/p>\n<p>De acordo com Dami\u00e3o, os professores dos cursos que forem alunos do ensino superior da pr\u00f3pria institui\u00e7\u00e3o, de prefer\u00eancia dos cursos de licenciatura, poder\u00e3o ter as horas trabalhadas computadas em cr\u00e9ditos equivalentes aos de disciplina, inclu\u00eddas nas horas obrigatoriamente dedicadas \u00e0 pr\u00e1tica de ensino ou, ainda, receber bolsas ou aux\u00edlios pecuni\u00e1rios, a crit\u00e9rio da institui\u00e7\u00e3o de ensino.<\/p>\n<p>Para evitar o excesso de alunos, Dami\u00e3o Feliciano limitou em doze meses ap\u00f3s a conclus\u00e3o do ensino m\u00e9dio o prazo para a matr\u00edcula dos egressos do ensino p\u00fablico nos cursos preparat\u00f3rios. \u201cCaso contr\u00e1rio ter\u00edamos uma demanda infinita e que jamais seria atendida\u201d, alegou.<\/p>\n<p>Para o deputado, ao terminar o ensino m\u00e9dio, o aluno de escola p\u00fablica n\u00e3o est\u00e1 preparado para ingressar, de imediato, em uma universidade.<\/p>\n<p>\u201cInfelizmente, temos de reconhecer que nosso sistema p\u00fablico de ensino n\u00e3o prepara adequadamente nossos estudantes para ultrapassar a barreira do vestibular ou de exame equivalente que lhes permita ingressar em uma boa universidade p\u00fablica\u201d, alegou Dami\u00e3o.<\/p>\n<!-- AddThis Advanced Settings generic via filter on the_content --><!-- AddThis Share Buttons generic via filter on the_content -->","protected":false},"excerpt":{"rendered":"<p>As Institui\u00e7\u00f5es de Ensino Superior (IES) do Pa\u00eds poder\u00e3o ofertar, gratuitamente, aos alunos de escola p\u00fablica, cursos preparat\u00f3rios para acesso a educa\u00e7\u00e3o superior. \u00c9 o que prev\u00ea o substitutivo, do deputado Dami\u00e3o Feliciano (PDT-PB), ao Projeto de Lei 6135\/16, aprovado na \u00faltima semana pela C\u00e2mara dos Deputados. A proposta altera a Lei de Diretrizes e&#8230;<!-- AddThis Advanced Settings generic via filter on wp_trim_excerpt --><!-- AddThis Share Buttons generic via filter on wp_trim_excerpt --><\/p>\n","protected":false},"author":17,"featured_media":57987,"comment_status":"closed","ping_status":"closed","sticky":false,"template":"","format":"standard","meta":{"_monsterinsights_skip_tracking":false,"_monsterinsights_sitenote_active":false,"_monsterinsights_sitenote_note":"","_monsterinsights_sitenote_category":0,"_uf_show_specific_survey":0,"_uf_disable_surveys":false,"footnotes":""},"categories":[1390,1459],"tags":[275,338,2734,38],"class_list":["post-57975","post","type-post","status-publish","format-standard","has-post-thumbnail","hentry","category-editorias","category-congresso","tag-damiao-feliciano","tag-educacao","tag-ensino-publico","tag-pdt"],"acf":[],"_links":{"self":[{"href":"https:\/\/pdt-rj.org.br\/index.php\/wp-json\/wp\/v2\/posts\/57975","targetHints":{"allow":["GET"]}}],"collection":[{"href":"https:\/\/pdt-rj.org.br\/index.php\/wp-json\/wp\/v2\/posts"}],"about":[{"href":"https:\/\/pdt-rj.org.br\/index.php\/wp-json\/wp\/v2\/types\/post"}],"author":[{"embeddable":true,"href":"https:\/\/pdt-rj.org.br\/index.php\/wp-json\/wp\/v2\/users\/17"}],"replies":[{"embeddable":true,"href":"https:\/\/pdt-rj.org.br\/index.php\/wp-json\/wp\/v2\/comments?post=57975"}],"version-history":[{"count":6,"href":"https:\/\/pdt-rj.org.br\/index.php\/wp-json\/wp\/v2\/posts\/57975\/revisions"}],"predecessor-version":[{"id":57993,"href":"https:\/\/pdt-rj.org.br\/index.php\/wp-json\/wp\/v2\/posts\/57975\/revisions\/57993"}],"wp:featuredmedia":[{"embeddable":true,"href":"https:\/\/pdt-rj.org.br\/index.php\/wp-json\/wp\/v2\/media\/57987"}],"wp:attachment":[{"href":"https:\/\/pdt-rj.org.br\/index.php\/wp-json\/wp\/v2\/media?parent=57975"}],"wp:term":[{"taxonomy":"category","embeddable":true,"href":"https:\/\/pdt-rj.org.br\/index.php\/wp-json\/wp\/v2\/categories?post=57975"},{"taxonomy":"post_tag","embeddable":true,"href":"https:\/\/pdt-rj.org.br\/index.php\/wp-json\/wp\/v2\/tags?post=57975"}],"curies":[{"name":"wp","href":"https:\/\/api.w.org\/{rel}","templated":true}]}}