{"id":57969,"date":"2017-11-22T20:16:35","date_gmt":"2017-11-22T22:16:35","guid":{"rendered":"http:\/\/pdt-rj.org.br\/?p=57969"},"modified":"2017-11-22T20:16:35","modified_gmt":"2017-11-22T22:16:35","slug":"subtenente-gonzaga-coordena-dialogo-sobre-a-adocao-do-ciclo-completo-de-policia-no-brasil","status":"publish","type":"post","link":"https:\/\/pdt-rj.org.br\/index.php\/subtenente-gonzaga-coordena-dialogo-sobre-a-adocao-do-ciclo-completo-de-policia-no-brasil\/","title":{"rendered":"Subtenente Gonzaga coordena di\u00e1logo sobre a ado\u00e7\u00e3o do Ciclo Completo de Pol\u00edcia no Brasil"},"content":{"rendered":"<p>O deputado Subtenente Gonzaga (PDT-MG) reuniu, nesta quarta-feira (22), parlamentares, federa\u00e7\u00f5es, associa\u00e7\u00f5es e representantes das pol\u00edcias civil e militar de v\u00e1rios estados para discutir par\u00e2metros da ado\u00e7\u00e3o, no Brasil, do ciclo completo de Pol\u00edcia (PEC 430\/09).\u00a0O debate aconteceu durante um caf\u00e9 da manh\u00e3 na C\u00e2mara dos Deputados.<\/p>\n<p>Subtenente Gonzaga \u00e9 coordenador da Frente Parlamentar que apoia a ado\u00e7\u00e3o do ciclo completo de Pol\u00edcia. \u201cO modelo de ciclo completo consiste na concess\u00e3o de compet\u00eancia para atua\u00e7\u00e3o nas a\u00e7\u00f5es ostensivas, preventivas, investigativas e de intelig\u00eancia policial, visando dar celeridade e efic\u00e1cia \u00e0 seguran\u00e7a p\u00fablica brasileira, que atualmente funciona mal, em um modelo falido e ultrapassado\u201d, explica.<\/p>\n<p>Depois de quase dois anos, a Comiss\u00e3o de Constitui\u00e7\u00e3o e Justi\u00e7a, da C\u00e2mara, colocou em pauta PEC 430\/09. Mas, o autor da proposta, deputado Celso Russomano (SP), entrou com um pedido de desapensa\u00e7\u00e3o de outras nove propostas que tramitam em conjunto, entre elas, as PECs 431\/14 e 273\/16, de autoria do deputado Subtenente Gonzaga.<\/p>\n<p>Segundo Subtenente, a medida altera, substancialmente, o rito de aprecia\u00e7\u00e3o das propostas, que j\u00e1 foi prejudicado v\u00e1rias vezes nesta Legislatura. \u201cA desapensa\u00e7\u00e3o vai fazer com que a PEC 430 (principal) volte \u00e0 estaca zero\u201d.<\/p>\n<p>O deputado discutiu com os apoiadores da frente as estrat\u00e9gias regimentais que podem evitar o desmembramento das propostas.<\/p>\n<p>A deputada Fl\u00e1via Morais, do PDT goiano, disse ser favor\u00e1vel \u00e0 proposta por entender que o Ciclo, atualmente, \u00e9 o melhor para a seguran\u00e7a da sociedade brasileira. \u201cEste modelo vai otimizar o recurso, o atendimento da seguran\u00e7a brasileira. Precisamos sair do corporativismo e partir para o campo social\u201d, declarou.<\/p>\n<!-- AddThis Advanced Settings generic via filter on the_content --><!-- AddThis Share Buttons generic via filter on the_content -->","protected":false},"excerpt":{"rendered":"<p>O deputado Subtenente Gonzaga (PDT-MG) reuniu, nesta quarta-feira (22), parlamentares, federa\u00e7\u00f5es, associa\u00e7\u00f5es e representantes das pol\u00edcias civil e militar de v\u00e1rios estados para discutir par\u00e2metros da ado\u00e7\u00e3o, no Brasil, do ciclo completo de Pol\u00edcia (PEC 430\/09).\u00a0O debate aconteceu durante um caf\u00e9 da manh\u00e3 na C\u00e2mara dos Deputados. Subtenente Gonzaga \u00e9 coordenador da Frente Parlamentar que&#8230;<!-- AddThis Advanced Settings generic via filter on wp_trim_excerpt --><!-- AddThis Share Buttons generic via filter on wp_trim_excerpt --><\/p>\n","protected":false},"author":17,"featured_media":57970,"comment_status":"closed","ping_status":"closed","sticky":false,"template":"","format":"standard","meta":{"_monsterinsights_skip_tracking":false,"_monsterinsights_sitenote_active":false,"_monsterinsights_sitenote_note":"","_monsterinsights_sitenote_category":0,"_uf_show_specific_survey":0,"_uf_disable_surveys":false,"footnotes":""},"categories":[1390],"tags":[2732,38,895],"class_list":["post-57969","post","type-post","status-publish","format-standard","has-post-thumbnail","hentry","category-editorias","tag-ciclo-completo-de-policia","tag-pdt","tag-subtenente-gonzaga"],"acf":[],"_links":{"self":[{"href":"https:\/\/pdt-rj.org.br\/index.php\/wp-json\/wp\/v2\/posts\/57969","targetHints":{"allow":["GET"]}}],"collection":[{"href":"https:\/\/pdt-rj.org.br\/index.php\/wp-json\/wp\/v2\/posts"}],"about":[{"href":"https:\/\/pdt-rj.org.br\/index.php\/wp-json\/wp\/v2\/types\/post"}],"author":[{"embeddable":true,"href":"https:\/\/pdt-rj.org.br\/index.php\/wp-json\/wp\/v2\/users\/17"}],"replies":[{"embeddable":true,"href":"https:\/\/pdt-rj.org.br\/index.php\/wp-json\/wp\/v2\/comments?post=57969"}],"version-history":[{"count":1,"href":"https:\/\/pdt-rj.org.br\/index.php\/wp-json\/wp\/v2\/posts\/57969\/revisions"}],"predecessor-version":[{"id":57971,"href":"https:\/\/pdt-rj.org.br\/index.php\/wp-json\/wp\/v2\/posts\/57969\/revisions\/57971"}],"wp:featuredmedia":[{"embeddable":true,"href":"https:\/\/pdt-rj.org.br\/index.php\/wp-json\/wp\/v2\/media\/57970"}],"wp:attachment":[{"href":"https:\/\/pdt-rj.org.br\/index.php\/wp-json\/wp\/v2\/media?parent=57969"}],"wp:term":[{"taxonomy":"category","embeddable":true,"href":"https:\/\/pdt-rj.org.br\/index.php\/wp-json\/wp\/v2\/categories?post=57969"},{"taxonomy":"post_tag","embeddable":true,"href":"https:\/\/pdt-rj.org.br\/index.php\/wp-json\/wp\/v2\/tags?post=57969"}],"curies":[{"name":"wp","href":"https:\/\/api.w.org\/{rel}","templated":true}]}}