{"id":57966,"date":"2017-11-22T17:39:09","date_gmt":"2017-11-22T19:39:09","guid":{"rendered":"http:\/\/pdt-rj.org.br\/?p=57966"},"modified":"2017-11-22T17:44:27","modified_gmt":"2017-11-22T19:44:27","slug":"mario-heringer-defende-fim-do-foro-privilegiado","status":"publish","type":"post","link":"https:\/\/pdt-rj.org.br\/index.php\/mario-heringer-defende-fim-do-foro-privilegiado\/","title":{"rendered":"M\u00e1rio Heringer defende fim do foro privilegiado"},"content":{"rendered":"<p>O deputado federal M\u00e1rio Heringer, presidente do PDT de Minas Gerais, celebrou nesta quarta-feira (22) a aprova\u00e7\u00e3o do fim do foro privilegiado na Comiss\u00e3o de Constitui\u00e7\u00e3o e Justi\u00e7a e Cidadania. A Proposta de Emenda \u00e0 Constitui\u00e7\u00e3o (PEC), \u00e9 apoiada formalmente pelo parlamentar, que subscreveu a mat\u00e9ria.<\/p>\n<p>\u201cO \u2018foro privilegiado\u2019 at\u00e9 hoje serviu de manto protetor aos desviados. Quem est\u00e1 no rumo certo aceita ser igual. Est\u00e1 passando da hora de acabar\u201d, ressalta.<\/p>\n<p>Com a aprova\u00e7\u00e3o da PEC, t\u00eam direito ao foro privilegiado apenas o presidente e o vice-presidente da Rep\u00fablica, al\u00e9m dos presidentes da C\u00e2mara dos Deputados, do Senado e do Supremo Tribunal Federal. A estimativa \u00e9 de que mais de 40 mil pol\u00edticos e agentes p\u00fablicos perdem o foro privilegiado com a aprova\u00e7\u00e3o da PEC.<\/p>\n<p><strong>Tramita\u00e7\u00e3o<\/strong><\/p>\n<p>Uma comiss\u00e3o especial ser\u00e1 criada para analisar a PEC, antes que ela siga para vota\u00e7\u00e3o no Plen\u00e1rio da C\u00e2mara dos Deputados. S\u00e3o necess\u00e1rios 308 votos dos 513 deputados, em dois turnos de vota\u00e7\u00e3o.<\/p>\n<!-- AddThis Advanced Settings generic via filter on the_content --><!-- AddThis Share Buttons generic via filter on the_content -->","protected":false},"excerpt":{"rendered":"<p>O deputado federal M\u00e1rio Heringer, presidente do PDT de Minas Gerais, celebrou nesta quarta-feira (22) a aprova\u00e7\u00e3o do fim do foro privilegiado na Comiss\u00e3o de Constitui\u00e7\u00e3o e Justi\u00e7a e Cidadania. A Proposta de Emenda \u00e0 Constitui\u00e7\u00e3o (PEC), \u00e9 apoiada formalmente pelo parlamentar, que subscreveu a mat\u00e9ria. \u201cO \u2018foro privilegiado\u2019 at\u00e9 hoje serviu de manto protetor&#8230;<!-- AddThis Advanced Settings generic via filter on wp_trim_excerpt --><!-- AddThis Share Buttons generic via filter on wp_trim_excerpt --><\/p>\n","protected":false},"author":17,"featured_media":57968,"comment_status":"closed","ping_status":"closed","sticky":false,"template":"","format":"standard","meta":{"_monsterinsights_skip_tracking":false,"_monsterinsights_sitenote_active":false,"_monsterinsights_sitenote_note":"","_monsterinsights_sitenote_category":0,"_uf_show_specific_survey":0,"_uf_disable_surveys":false,"footnotes":""},"categories":[1390],"tags":[],"class_list":["post-57966","post","type-post","status-publish","format-standard","has-post-thumbnail","hentry","category-editorias"],"acf":[],"_links":{"self":[{"href":"https:\/\/pdt-rj.org.br\/index.php\/wp-json\/wp\/v2\/posts\/57966","targetHints":{"allow":["GET"]}}],"collection":[{"href":"https:\/\/pdt-rj.org.br\/index.php\/wp-json\/wp\/v2\/posts"}],"about":[{"href":"https:\/\/pdt-rj.org.br\/index.php\/wp-json\/wp\/v2\/types\/post"}],"author":[{"embeddable":true,"href":"https:\/\/pdt-rj.org.br\/index.php\/wp-json\/wp\/v2\/users\/17"}],"replies":[{"embeddable":true,"href":"https:\/\/pdt-rj.org.br\/index.php\/wp-json\/wp\/v2\/comments?post=57966"}],"version-history":[{"count":1,"href":"https:\/\/pdt-rj.org.br\/index.php\/wp-json\/wp\/v2\/posts\/57966\/revisions"}],"predecessor-version":[{"id":57967,"href":"https:\/\/pdt-rj.org.br\/index.php\/wp-json\/wp\/v2\/posts\/57966\/revisions\/57967"}],"wp:featuredmedia":[{"embeddable":true,"href":"https:\/\/pdt-rj.org.br\/index.php\/wp-json\/wp\/v2\/media\/57968"}],"wp:attachment":[{"href":"https:\/\/pdt-rj.org.br\/index.php\/wp-json\/wp\/v2\/media?parent=57966"}],"wp:term":[{"taxonomy":"category","embeddable":true,"href":"https:\/\/pdt-rj.org.br\/index.php\/wp-json\/wp\/v2\/categories?post=57966"},{"taxonomy":"post_tag","embeddable":true,"href":"https:\/\/pdt-rj.org.br\/index.php\/wp-json\/wp\/v2\/tags?post=57966"}],"curies":[{"name":"wp","href":"https:\/\/api.w.org\/{rel}","templated":true}]}}