{"id":57962,"date":"2017-11-22T16:10:34","date_gmt":"2017-11-22T18:10:34","guid":{"rendered":"http:\/\/pdt-rj.org.br\/?p=57962"},"modified":"2017-11-28T12:13:36","modified_gmt":"2017-11-28T14:13:36","slug":"manifesto-reforma-somente-se-nao-houver-retirada-de-direitos-dos-trabalhadores","status":"publish","type":"post","link":"https:\/\/pdt-rj.org.br\/index.php\/manifesto-reforma-somente-se-nao-houver-retirada-de-direitos-dos-trabalhadores\/","title":{"rendered":"Manifesto &#8211; Reforma, somente se n\u00e3o houver retirada de direitos dos trabalhadores"},"content":{"rendered":"<p style=\"text-align: center;\"><strong>Reforma, somente se n\u00e3o houver retirada de direitos dos trabalhadores<\/strong><\/p>\n<p>Embora a propaganda do governo diga, para a opini\u00e3o p\u00fablica, que a Previd\u00eancia Social (Regime Geral da Previd\u00eancia Social &#8211; RGPS) \u2013 que abrange os trabalhadores com carteira assinada, os contribuintes individuais e os produtores rurais \u2013 \u00e9 deficit\u00e1ria, o suposto d\u00e9ficit \u00e9 cont\u00e1bil e fruto de manipula\u00e7\u00e3o governamental.<\/p>\n<p>A Constitui\u00e7\u00e3o brasileira, promulgada em 1988, criou, em seu artigo 194: Seguridade Social + Previd\u00eancia + Assist\u00eancia + Sa\u00fade; e as receitas para o seu financiamento (artigo 195).<\/p>\n<p>O Governo lan\u00e7a como despesa previdenci\u00e1ria todos os benef\u00edcios, inclusive os assistenciais (LOAS e RMV) e os da Sa\u00fade, e somente considera como receita a arrecada\u00e7\u00e3o previdenci\u00e1ria, as contribui\u00e7\u00f5es sobre a folha de pagamento, e as compensa\u00e7\u00f5es pela desonera\u00e7\u00e3o desta.<\/p>\n<p>O Governo despreza, assim, as demais contribui\u00e7\u00f5es previstas no artigo 195: COFINS, CSLL, PIS\/PASEP etc.<br \/>\nO crit\u00e9rio correto tem que levar em conta todas as receitas da Seguridade Social; e, delas, subtrair todas as despesas da Sa\u00fade, da Assist\u00eancia e da Previd\u00eancia Social. Se o Governo aplicar o crit\u00e9rio constitucional, resultaria em super\u00e1vit \u2013 desviado para pagamento da d\u00edvida p\u00fablica.<\/p>\n<p>A reforma da Previd\u00eancia Social que o povo brasileiro precisa:<\/p>\n<p>1) Fim das desonera\u00e7\u00f5es, isen\u00e7\u00f5es, benesses para com os clubes de futebol e Refis.<br \/>\n2) Fim da DRU sobre o or\u00e7amento da Seguridade Social, por desviar 30% de suas receitas para outros fins.<br \/>\n3) Imediata cobran\u00e7a da d\u00edvida previdenci\u00e1ria (na ordem de R$ 350 bilh\u00f5es, em 2015), de forma \u00e1gil e eficaz.<br \/>\n4) Melhoria da fiscaliza\u00e7\u00e3o previdenci\u00e1ria, com o aumento do n\u00famero de auditores fiscais; e aperfei\u00e7oamento da gest\u00e3o e do processo de fiscaliza\u00e7\u00e3o.<br \/>\n5) Aumento do teto previdenci\u00e1rio, atrav\u00e9s da reposi\u00e7\u00e3o do percentual dado ao sal\u00e1rio m\u00ednimo e n\u00e3o repassado ao benef\u00edcio de valor superior ao sal\u00e1rio m\u00ednimo.<br \/>\n6) Cria\u00e7\u00e3o de um fundo de reserva, constitu\u00eddo por todos os super\u00e1vits obtidos pela Seguridade Social.<br \/>\n7) Ressarcimento pelos im\u00f3veis doados a outros \u00f3rg\u00e3os; e a venda dos im\u00f3veis n\u00e3o utilizados.<br \/>\nEm 22 de novembro de 2017.<\/p>\n<p style=\"text-align: center;\"><strong>Dire\u00e7\u00e3o Executiva<\/strong><br \/>\n<strong>Presidente: Maria Jos\u00e9 Latg\u00e9 Kwamme.<\/strong><br \/>\n<strong>Vice-presid\u00eancia: Alex Fabiane Correa; Jorge Ferrari e Elinor Brun.<\/strong><br \/>\n<strong>Secretaria-Geral: Lu\u00eds Eduardo S. Maciel e Antonio Prudente de Oliveira.<\/strong><br \/>\n<strong>Tesouraria: Luiz da Silva Oliveira e Rui Barbosa de Souza.<\/strong><br \/>\n<strong>Secretaria Jur\u00eddica: Mara de F\u00e1tima Hofans e Ian Rodrigues Dias.<\/strong><br \/>\n<strong>Secretaria de Comunica\u00e7\u00e3o: Apio Gomes e Sady Henrique Chaves Motta.<\/strong><br \/>\n<strong>Vogais: Vicente Ripoll Machado, Carlos Jaime Nascimento e Jos\u00e9 Tarc\u00edsio Nogueira.<\/strong><br \/>\n<strong>Consultora: Regina F\u00e1tima Martins Rachide, Auditora Fiscal, em exerc\u00edcio na Secretaria da Receita Federal do Brasil.<\/strong><\/p>\n<!-- AddThis Advanced Settings generic via filter on the_content --><!-- AddThis Share Buttons generic via filter on the_content -->","protected":false},"excerpt":{"rendered":"<p>Reforma, somente se n\u00e3o houver retirada de direitos dos trabalhadores Embora a propaganda do governo diga, para a opini\u00e3o p\u00fablica, que a Previd\u00eancia Social (Regime Geral da Previd\u00eancia Social &#8211; RGPS) \u2013 que abrange os trabalhadores com carteira assinada, os contribuintes individuais e os produtores rurais \u2013 \u00e9 deficit\u00e1ria, o suposto d\u00e9ficit \u00e9 cont\u00e1bil e&#8230;<!-- AddThis Advanced Settings generic via filter on wp_trim_excerpt --><!-- AddThis Share Buttons generic via filter on wp_trim_excerpt --><\/p>\n","protected":false},"author":17,"featured_media":57963,"comment_status":"closed","ping_status":"closed","sticky":false,"template":"","format":"standard","meta":{"_monsterinsights_skip_tracking":false,"_monsterinsights_sitenote_active":false,"_monsterinsights_sitenote_note":"","_monsterinsights_sitenote_category":0,"_uf_show_specific_survey":0,"_uf_disable_surveys":false,"footnotes":""},"categories":[1390,1588,1397],"tags":[2730,2731],"class_list":["post-57962","post","type-post","status-publish","format-standard","has-post-thumbnail","hentry","category-editorias","category-mapi","category-movimentos","tag-regime-geral-da-previdencia-social","tag-rgps"],"acf":[],"_links":{"self":[{"href":"https:\/\/pdt-rj.org.br\/index.php\/wp-json\/wp\/v2\/posts\/57962","targetHints":{"allow":["GET"]}}],"collection":[{"href":"https:\/\/pdt-rj.org.br\/index.php\/wp-json\/wp\/v2\/posts"}],"about":[{"href":"https:\/\/pdt-rj.org.br\/index.php\/wp-json\/wp\/v2\/types\/post"}],"author":[{"embeddable":true,"href":"https:\/\/pdt-rj.org.br\/index.php\/wp-json\/wp\/v2\/users\/17"}],"replies":[{"embeddable":true,"href":"https:\/\/pdt-rj.org.br\/index.php\/wp-json\/wp\/v2\/comments?post=57962"}],"version-history":[{"count":2,"href":"https:\/\/pdt-rj.org.br\/index.php\/wp-json\/wp\/v2\/posts\/57962\/revisions"}],"predecessor-version":[{"id":57965,"href":"https:\/\/pdt-rj.org.br\/index.php\/wp-json\/wp\/v2\/posts\/57962\/revisions\/57965"}],"wp:featuredmedia":[{"embeddable":true,"href":"https:\/\/pdt-rj.org.br\/index.php\/wp-json\/wp\/v2\/media\/57963"}],"wp:attachment":[{"href":"https:\/\/pdt-rj.org.br\/index.php\/wp-json\/wp\/v2\/media?parent=57962"}],"wp:term":[{"taxonomy":"category","embeddable":true,"href":"https:\/\/pdt-rj.org.br\/index.php\/wp-json\/wp\/v2\/categories?post=57962"},{"taxonomy":"post_tag","embeddable":true,"href":"https:\/\/pdt-rj.org.br\/index.php\/wp-json\/wp\/v2\/tags?post=57962"}],"curies":[{"name":"wp","href":"https:\/\/api.w.org\/{rel}","templated":true}]}}