{"id":57954,"date":"2017-11-22T11:27:16","date_gmt":"2017-11-22T13:27:16","guid":{"rendered":"http:\/\/pdt-rj.org.br\/?p=57954"},"modified":"2017-11-22T11:27:16","modified_gmt":"2017-11-22T13:27:16","slug":"pdt-do-rio-esclarece-votacao-na-alerj","status":"publish","type":"post","link":"https:\/\/pdt-rj.org.br\/index.php\/pdt-do-rio-esclarece-votacao-na-alerj\/","title":{"rendered":"PDT do Rio esclarece vota\u00e7\u00e3o na Alerj"},"content":{"rendered":"<p>Tendo em vista as decis\u00f5es do Tribunal Regional Federal da 2\u00b0 Regi\u00e3o, no Rio de Janeiro, o PDT vem a p\u00fablico esclarecer:<\/p>\n<p>&#8211; \u00c9 importante relembrar que o PDT do Rio de Janeiro j\u00e1 mostrava independ\u00eancia junto ao PMDB no Estado desde 2014, quando, em sua chapa majorit\u00e1ria, o ent\u00e3o governador Pez\u00e3o, candidato \u00e0 reelei\u00e7\u00e3o, indicou C\u00e9sar Maia (DEM) para o posto de candidato a senador. Naquele momento, em reuni\u00e3o do Diret\u00f3rio Estadual, ficou decidido que o PDT romperia a alian\u00e7a e lan\u00e7ou, desta forma, seu presidente Nacional Carlos Lupi ao senado, conforme amplamente divulgado pela imprensa.<\/p>\n<p>&#8211; Em abril de 2016, o PDT deixou definitivamente a base de apoio do Governo Pez\u00e3o, entregando todos os cargos que possu\u00eda na administra\u00e7\u00e3o por n\u00e3o concordar com decis\u00f5es que iam contra os ideais do partido, como n\u00e3o pagar benef\u00edcios de aposentados e pensionistas do Estado e ainda atrasar os sal\u00e1rios dos servidores, al\u00e9m de propor reformas para prejudicar a classe trabalhadora. Neste momento, a deputada estadual Cidinha Campos, que era secret\u00e1ria, deixou imediatamente essa fun\u00e7\u00e3o.<\/p>\n<p>&#8211; Na vota\u00e7\u00e3o que ocorreu em 17 de novembro, 48 horas ap\u00f3s a decis\u00e3o do TRF, os deputados votaram de acordo com suas convic\u00e7\u00f5es. Mas erros grosseiros cometidos pela Alerj \u2013 como expedir um mandado de soltura dos deputados ap\u00f3s a vota\u00e7\u00e3o no plen\u00e1rio da Casa, num grave ataque ao Judici\u00e1rio, que tem a prerrogativa de expedir mandados de pris\u00e3o ou soltura \u2013 fez com que a Justi\u00e7a determinasse, mais uma vez, suas pris\u00f5es.<\/p>\n<p>&#8211; O PDT do Rio ressalta que decis\u00f5es judiciais, como as de ontem, n\u00e3o devem ser contestadas, mas cumpridas, sempre guardando o direito de defesa de cada cidad\u00e3o independente da sua ideologia. O PDT ir\u00e1 respeitar as decis\u00f5es da Justi\u00e7a e o princ\u00edpio Constitucional da independ\u00eancia dos Tr\u00eas Poderes &#8211; Executivo, Legislativo e Judici\u00e1rio &#8211; sendo compet\u00eancia do Judici\u00e1rio julgar qualquer cidad\u00e3o e obriga-los a cumprir o rigor da lei.<\/p>\n<p style=\"text-align: center;\">Essa \u00e9 a posi\u00e7\u00e3o do PDT, sempre reafirmando seu compromisso com a democracia, o Estado Democr\u00e1tico de Direito e as Institui\u00e7\u00f5es.<\/p>\n<p><strong>Carlos Lupi <\/strong><br \/>\n<strong>Presidente Nacional do PDT<\/strong><\/p>\n<!-- AddThis Advanced Settings generic via filter on the_content --><!-- AddThis Share Buttons generic via filter on the_content -->","protected":false},"excerpt":{"rendered":"<p>Tendo em vista as decis\u00f5es do Tribunal Regional Federal da 2\u00b0 Regi\u00e3o, no Rio de Janeiro, o PDT vem a p\u00fablico esclarecer: &#8211; \u00c9 importante relembrar que o PDT do Rio de Janeiro j\u00e1 mostrava independ\u00eancia junto ao PMDB no Estado desde 2014, quando, em sua chapa majorit\u00e1ria, o ent\u00e3o governador Pez\u00e3o, candidato \u00e0 reelei\u00e7\u00e3o,&#8230;<!-- AddThis Advanced Settings generic via filter on wp_trim_excerpt --><!-- AddThis Share Buttons generic via filter on wp_trim_excerpt --><\/p>\n","protected":false},"author":17,"featured_media":50431,"comment_status":"closed","ping_status":"closed","sticky":false,"template":"","format":"standard","meta":{"_monsterinsights_skip_tracking":false,"_monsterinsights_sitenote_active":false,"_monsterinsights_sitenote_note":"","_monsterinsights_sitenote_category":0,"_uf_show_specific_survey":0,"_uf_disable_surveys":false,"footnotes":""},"categories":[976],"tags":[2727,38,2728],"class_list":["post-57954","post","type-post","status-publish","format-standard","has-post-thumbnail","hentry","category-noticias-em-destaque","tag-alerj","tag-pdt","tag-pdt-rio-de-janeiro"],"acf":[],"_links":{"self":[{"href":"https:\/\/pdt-rj.org.br\/index.php\/wp-json\/wp\/v2\/posts\/57954","targetHints":{"allow":["GET"]}}],"collection":[{"href":"https:\/\/pdt-rj.org.br\/index.php\/wp-json\/wp\/v2\/posts"}],"about":[{"href":"https:\/\/pdt-rj.org.br\/index.php\/wp-json\/wp\/v2\/types\/post"}],"author":[{"embeddable":true,"href":"https:\/\/pdt-rj.org.br\/index.php\/wp-json\/wp\/v2\/users\/17"}],"replies":[{"embeddable":true,"href":"https:\/\/pdt-rj.org.br\/index.php\/wp-json\/wp\/v2\/comments?post=57954"}],"version-history":[{"count":1,"href":"https:\/\/pdt-rj.org.br\/index.php\/wp-json\/wp\/v2\/posts\/57954\/revisions"}],"predecessor-version":[{"id":57955,"href":"https:\/\/pdt-rj.org.br\/index.php\/wp-json\/wp\/v2\/posts\/57954\/revisions\/57955"}],"wp:featuredmedia":[{"embeddable":true,"href":"https:\/\/pdt-rj.org.br\/index.php\/wp-json\/wp\/v2\/media\/50431"}],"wp:attachment":[{"href":"https:\/\/pdt-rj.org.br\/index.php\/wp-json\/wp\/v2\/media?parent=57954"}],"wp:term":[{"taxonomy":"category","embeddable":true,"href":"https:\/\/pdt-rj.org.br\/index.php\/wp-json\/wp\/v2\/categories?post=57954"},{"taxonomy":"post_tag","embeddable":true,"href":"https:\/\/pdt-rj.org.br\/index.php\/wp-json\/wp\/v2\/tags?post=57954"}],"curies":[{"name":"wp","href":"https:\/\/api.w.org\/{rel}","templated":true}]}}