{"id":57922,"date":"2017-11-20T19:31:11","date_gmt":"2017-11-20T21:31:11","guid":{"rendered":"http:\/\/pdt-rj.org.br\/?p=57922"},"modified":"2017-12-01T02:13:57","modified_gmt":"2017-12-01T04:13:57","slug":"pdt-pcdob-psb-e-pt-formam-frente-em-defesa-da-democracia","status":"publish","type":"post","link":"https:\/\/pdt-rj.org.br\/index.php\/pdt-pcdob-psb-e-pt-formam-frente-em-defesa-da-democracia\/","title":{"rendered":"PDT, PCdoB, PSB e PT formam frente em defesa da democracia"},"content":{"rendered":"<p>Uma Nota Oficial assinada pelos presidentes do PDT, PCdoB, PSB e PT, na tarde desta segunda-feira, coloca em d\u00favidas uma a\u00e7\u00e3o que entrou na pauta de discuss\u00e3o do Supremo Tribunal Federal para decidir se o Congresso Nacional tem poderes para implementar o Parlamentarismo como sistema pol\u00edtico no Brasil. Na avalia\u00e7\u00e3o dos partidos, a medida, sem uma ampla discuss\u00e3o com a popula\u00e7\u00e3o atrav\u00e9s de plebiscito, \u00e9 um agravamento do golpe que derrubou a Presidenta Dilma, em 2016.<\/p>\n<p>&nbsp;<\/p>\n<p>Leia a \u00edntegra da Nota:<\/p>\n<p>&nbsp;<\/p>\n<p style=\"text-align: center;\"><strong>NOTA DOS PARTIDOS POL\u00cdTICOS<\/strong><br \/>\n<strong>EM DEFESA DA DEMOCRACIA E DA SOBERANIA POPULAR<\/strong><\/p>\n<p>&nbsp;<\/p>\n<p>1) A repentina inclus\u00e3o, na pauta do STF, de uma a\u00e7\u00e3o para definir se o Congresso tem poderes para adotar o sistema parlamentarista, sem consultar a popula\u00e7\u00e3o em plebiscito, \u00e9 o primeiro passo de mais um golpe contra a democracia e a soberania popular no pa\u00eds.<\/p>\n<p>2) Trata-se de um movimento acintosamente estimulado pelo governo golpista, para impedir que um presidente legitimamente eleito pelo povo assuma o governo com os plenos poderes previstos na Constitui\u00e7\u00e3o, como foi decidido duas vezes em plebiscitos nacionais (1963 e 1993).<\/p>\n<p>3) Cientes de que n\u00e3o conseguir\u00e3o se manter pelo voto popular, as for\u00e7as que sustentam o governo golpista pretendem evitar, a qualquer custo, a retomada do processo democr\u00e1tico, para continuar implementando sua agenda de retrocessos, de retirada de direitos e de entrega do patrim\u00f4nio nacional.<\/p>\n<p>4) \u00c9 urgente denunciar e enfrentar mais este golpe, motivo pelo qual nossos partidos constituem uma Frente em Defesa da Democracia, com o objetivo de garantir elei\u00e7\u00f5es livres e democr\u00e1ticas, com a participa\u00e7\u00e3o de todas as for\u00e7as pol\u00edticas.<\/p>\n<p>5) Quem prop\u00f5e a mudan\u00e7a do sistema de governo tem de enfrentar esse debate com o povo, por meio de plebiscito, e n\u00e3o por conchavos pol\u00edticos e manobras judiciais.<\/p>\n<p>6) S\u00f3 por meio de elei\u00e7\u00f5es livres e democr\u00e1ticas teremos um governo com a necess\u00e1ria legitimidade para superar a grave crise econ\u00f4mica, social e pol\u00edtica em que o pa\u00eds se encontra, retomar o desenvolvimento com justi\u00e7a social, a gera\u00e7\u00e3o de empregos e a defesa do patrim\u00f4nio nacional.<\/p>\n<p>&nbsp;<\/p>\n<p style=\"text-align: center;\"><strong>Carlos Lupi, presidente nacional do PDT<\/strong><br \/>\n<strong>Carlos Siqueira, presidente nacional do PSB<\/strong><br \/>\n<strong>Gleisi Hoffmann, presidenta nacional do PT<\/strong><br \/>\n<strong>Luciana Santos, presidenta nacional do PCdoB<\/strong><\/p>\n<!-- AddThis Advanced Settings generic via filter on the_content --><!-- AddThis Share Buttons generic via filter on the_content -->","protected":false},"excerpt":{"rendered":"<p>Uma Nota Oficial assinada pelos presidentes do PDT, PCdoB, PSB e PT, na tarde desta segunda-feira, coloca em d\u00favidas uma a\u00e7\u00e3o que entrou na pauta de discuss\u00e3o do Supremo Tribunal Federal para decidir se o Congresso Nacional tem poderes para implementar o Parlamentarismo como sistema pol\u00edtico no Brasil. Na avalia\u00e7\u00e3o dos partidos, a medida, sem&#8230;<!-- AddThis Advanced Settings generic via filter on wp_trim_excerpt --><!-- AddThis Share Buttons generic via filter on wp_trim_excerpt --><\/p>\n","protected":false},"author":17,"featured_media":57929,"comment_status":"closed","ping_status":"closed","sticky":false,"template":"","format":"standard","meta":{"_monsterinsights_skip_tracking":false,"_monsterinsights_sitenote_active":false,"_monsterinsights_sitenote_note":"","_monsterinsights_sitenote_category":0,"_uf_show_specific_survey":0,"_uf_disable_surveys":false,"footnotes":""},"categories":[1390,975],"tags":[],"class_list":["post-57922","post","type-post","status-publish","format-standard","has-post-thumbnail","hentry","category-editorias","category-manchete"],"acf":[],"_links":{"self":[{"href":"https:\/\/pdt-rj.org.br\/index.php\/wp-json\/wp\/v2\/posts\/57922","targetHints":{"allow":["GET"]}}],"collection":[{"href":"https:\/\/pdt-rj.org.br\/index.php\/wp-json\/wp\/v2\/posts"}],"about":[{"href":"https:\/\/pdt-rj.org.br\/index.php\/wp-json\/wp\/v2\/types\/post"}],"author":[{"embeddable":true,"href":"https:\/\/pdt-rj.org.br\/index.php\/wp-json\/wp\/v2\/users\/17"}],"replies":[{"embeddable":true,"href":"https:\/\/pdt-rj.org.br\/index.php\/wp-json\/wp\/v2\/comments?post=57922"}],"version-history":[{"count":12,"href":"https:\/\/pdt-rj.org.br\/index.php\/wp-json\/wp\/v2\/posts\/57922\/revisions"}],"predecessor-version":[{"id":58022,"href":"https:\/\/pdt-rj.org.br\/index.php\/wp-json\/wp\/v2\/posts\/57922\/revisions\/58022"}],"wp:featuredmedia":[{"embeddable":true,"href":"https:\/\/pdt-rj.org.br\/index.php\/wp-json\/wp\/v2\/media\/57929"}],"wp:attachment":[{"href":"https:\/\/pdt-rj.org.br\/index.php\/wp-json\/wp\/v2\/media?parent=57922"}],"wp:term":[{"taxonomy":"category","embeddable":true,"href":"https:\/\/pdt-rj.org.br\/index.php\/wp-json\/wp\/v2\/categories?post=57922"},{"taxonomy":"post_tag","embeddable":true,"href":"https:\/\/pdt-rj.org.br\/index.php\/wp-json\/wp\/v2\/tags?post=57922"}],"curies":[{"name":"wp","href":"https:\/\/api.w.org\/{rel}","templated":true}]}}