{"id":57913,"date":"2017-11-20T17:07:34","date_gmt":"2017-11-20T19:07:34","guid":{"rendered":"http:\/\/pdt-rj.org.br\/?p=57913"},"modified":"2017-11-22T13:07:25","modified_gmt":"2017-11-22T15:07:25","slug":"acir-gurgacz-destaca-dia-da-consciencia-negra-e-defende-reparacao-historica","status":"publish","type":"post","link":"https:\/\/pdt-rj.org.br\/index.php\/acir-gurgacz-destaca-dia-da-consciencia-negra-e-defende-reparacao-historica\/","title":{"rendered":"Acir Gurgacz destaca Dia da Consci\u00eancia Negra e defende repara\u00e7\u00e3o hist\u00f3rica"},"content":{"rendered":"<p>O senador Acir Gurgacz (PDT-RO) destacou o Dia Nacional da Consci\u00eancia Negra, celebrado nesta segunda-feira, dia 20 de novembro. Ele considerou a data importante para a reflex\u00e3o sobre a participa\u00e7\u00e3o dos negros e da cultura africana na forma\u00e7\u00e3o da identidade brasileira.<\/p>\n<p>Conforme o senador, al\u00e9m de uma oportunidade para o Brasil mostrar apre\u00e7o pela cultura afro-brasileira, essa data tamb\u00e9m leva \u00e0 reflex\u00e3o sobre a necess\u00e1ria repara\u00e7\u00e3o hist\u00f3rica que ainda precisa ser feita em rela\u00e7\u00e3o \u00e0 escravid\u00e3o e \u00e0 injusti\u00e7a \u00e0s quais os negros foram submetidos.<\/p>\n<p>Acir Gurgacz lembrou que, embora o Brasil seja formado da mistura de muitos povos e etnias, s\u00e3o os negros e pardos que representam a maioria da popula\u00e7\u00e3o, com 53,6%. E lamentou que, apesar disso, ainda seja \u00e1rdua a luta contra o preconceito.<\/p>\n<p>&#8220;Sa\u00fado e cumprimento todos que, dia ap\u00f3s dia, lutam por um fim dos preconceitos contra a popula\u00e7\u00e3o negra, pela repara\u00e7\u00e3o hist\u00f3rica e por oportunidades iguais para todos&#8221;.<\/p>\n<!-- AddThis Advanced Settings generic via filter on the_content --><!-- AddThis Share Buttons generic via filter on the_content -->","protected":false},"excerpt":{"rendered":"<p>O senador Acir Gurgacz (PDT-RO) destacou o Dia Nacional da Consci\u00eancia Negra, celebrado nesta segunda-feira, dia 20 de novembro. Ele considerou a data importante para a reflex\u00e3o sobre a participa\u00e7\u00e3o dos negros e da cultura africana na forma\u00e7\u00e3o da identidade brasileira. Conforme o senador, al\u00e9m de uma oportunidade para o Brasil mostrar apre\u00e7o pela cultura&#8230;<!-- AddThis Advanced Settings generic via filter on wp_trim_excerpt --><!-- AddThis Share Buttons generic via filter on wp_trim_excerpt --><\/p>\n","protected":false},"author":17,"featured_media":57914,"comment_status":"closed","ping_status":"closed","sticky":false,"template":"","format":"standard","meta":{"_monsterinsights_skip_tracking":false,"_monsterinsights_sitenote_active":false,"_monsterinsights_sitenote_note":"","_monsterinsights_sitenote_category":0,"_uf_show_specific_survey":0,"_uf_disable_surveys":false,"footnotes":""},"categories":[1390],"tags":[88,2724,38,2725],"class_list":["post-57913","post","type-post","status-publish","format-standard","has-post-thumbnail","hentry","category-editorias","tag-acir-gurgacz","tag-dia-nacional-da-consciencia-negra","tag-pdt","tag-reparacao-historica"],"acf":[],"_links":{"self":[{"href":"https:\/\/pdt-rj.org.br\/index.php\/wp-json\/wp\/v2\/posts\/57913","targetHints":{"allow":["GET"]}}],"collection":[{"href":"https:\/\/pdt-rj.org.br\/index.php\/wp-json\/wp\/v2\/posts"}],"about":[{"href":"https:\/\/pdt-rj.org.br\/index.php\/wp-json\/wp\/v2\/types\/post"}],"author":[{"embeddable":true,"href":"https:\/\/pdt-rj.org.br\/index.php\/wp-json\/wp\/v2\/users\/17"}],"replies":[{"embeddable":true,"href":"https:\/\/pdt-rj.org.br\/index.php\/wp-json\/wp\/v2\/comments?post=57913"}],"version-history":[{"count":4,"href":"https:\/\/pdt-rj.org.br\/index.php\/wp-json\/wp\/v2\/posts\/57913\/revisions"}],"predecessor-version":[{"id":57958,"href":"https:\/\/pdt-rj.org.br\/index.php\/wp-json\/wp\/v2\/posts\/57913\/revisions\/57958"}],"wp:featuredmedia":[{"embeddable":true,"href":"https:\/\/pdt-rj.org.br\/index.php\/wp-json\/wp\/v2\/media\/57914"}],"wp:attachment":[{"href":"https:\/\/pdt-rj.org.br\/index.php\/wp-json\/wp\/v2\/media?parent=57913"}],"wp:term":[{"taxonomy":"category","embeddable":true,"href":"https:\/\/pdt-rj.org.br\/index.php\/wp-json\/wp\/v2\/categories?post=57913"},{"taxonomy":"post_tag","embeddable":true,"href":"https:\/\/pdt-rj.org.br\/index.php\/wp-json\/wp\/v2\/tags?post=57913"}],"curies":[{"name":"wp","href":"https:\/\/api.w.org\/{rel}","templated":true}]}}