{"id":57906,"date":"2017-11-20T16:49:35","date_gmt":"2017-11-20T18:49:35","guid":{"rendered":"http:\/\/pdt-rj.org.br\/?p=57906"},"modified":"2017-11-29T15:49:30","modified_gmt":"2017-11-29T17:49:30","slug":"dia-da-consciencia-negra-abdias-nascimento-a-voz-forte-contra-o-racismo-no-brasil","status":"publish","type":"post","link":"https:\/\/pdt-rj.org.br\/index.php\/dia-da-consciencia-negra-abdias-nascimento-a-voz-forte-contra-o-racismo-no-brasil\/","title":{"rendered":"Dia da Consci\u00eancia Negra \u2013 Abdias do Nascimento, a voz forte contra o racismo no Brasil"},"content":{"rendered":"<p>\u201c\u00c9 um dia hist\u00f3rico na luta pela liberta\u00e7\u00e3o do povo negro neste pa\u00eds\u201d, afirmou o ent\u00e3o deputado pelo PDT, Abdias Nascimento \u2013 primeiro representante efetivo da causa afrodescendente na C\u00e2mara dos Deputados. O discurso emblem\u00e1tico ocorreu durante a marcha contra o racismo, no dia 11 de maio de 1988, no Rio de Janeiro.\u00a0Com milhares de pessoas nas ruas do centro da capital carioca, o evento marcou um amplo protesto, na v\u00e9spera do centen\u00e1rio da aboli\u00e7\u00e3o da escravatura, que ocorreria dois dias depois.<\/p>\n<p>O pedetista evidenciou os problemas ainda existentes no Brasil e mostrou a import\u00e2ncia da efetiva defesa da causa no Congresso Nacional.<\/p>\n<p>\u201cO negro representando os negros C\u00e2mara federal, coisa que acontece pela primeira vez na hist\u00f3ria deste pa\u00eds\u201d, comentou Abdias, ao completar: \u201cN\u00f3s temos sustentado uma luta secular em resgate da nossa dignidade humana, da nossa hist\u00f3ria e dos nossos valores culturais\u201d.<\/p>\n<p>\u201c\u00c9 a primeira vez, ap\u00f3s a aboli\u00e7\u00e3o da escravatura, que n\u00f3s apresentamos, em um ato memor\u00e1vel como este, a nossa maturidade pol\u00edtica, a consci\u00eancia dos nossos direitos irrevers\u00edveis. N\u00f3s estamos aqui n\u00e3o para mendigar, n\u00e3o para estender a nossa m\u00e3o para a mendig\u00e2ncia da classe dirigente. A nossa m\u00e3o est\u00e1 estendida \u00e0 solidariedade, mas essa solidariedade tem um pre\u00e7o, e \u00e9 o pre\u00e7o que a sociedade dominante tem que pagar\u201d, exaltou, ao ser aplaudido pela multid\u00e3o.<\/p>\n<p>\u201cN\u00f3s n\u00e3o podemos ser teleguiados dos brancos, n\u00e3o podemos abrir m\u00e3o do nosso direito de autogoverno. Onde est\u00e3o, por exemplo, os generais de quatro estrelas da ra\u00e7a negra? Onde est\u00e3o os almirantes negros?\u201d, questionava em uma cr\u00edtica direta aos ditadores militares.<\/p>\n<p>\u201cA nossa ra\u00e7a \u00e9 muito forte. A nossa ra\u00e7a \u00e9 muito resistente. E por for\u00e7a do nosso sangue, por for\u00e7a dos nossos orix\u00e1s, que tem sustentado nossa f\u00e9, nossa energia e nosso bra\u00e7o que jamais descansou nessa luta sem tr\u00e9guas por nossos direitos fundamentais\u201d, concluiu.<\/p>\n<p><strong>Confira o discurso na \u00edntegra:<\/strong><br \/>\n<iframe loading=\"lazy\" src=\"https:\/\/www.facebook.com\/plugins\/video.php?href=https%3A%2F%2Fwww.facebook.com%2Ffundacaoleonelbrizola%2Fvideos%2F851628835023781%2F&amp;width=348&amp;show_text=true&amp;height=459&amp;appId\" width=\"348\" height=\"459\" frameborder=\"0\" scrolling=\"no\" allowfullscreen=\"allowfullscreen\" data-mce-fragment=\"1\"><\/iframe><\/p>\n<div class=\"row\">\n<div class=\"col-xs-3 col-sm-2 col-md-2\">\u00a0<strong>Igualdade racial<\/strong><\/div>\n<\/div>\n<p>Senador e deputado federal pelo Rio de Janeiro, Abdias Nascimento (1914-2011) tamb\u00e9m foi jornalista, poeta, ator, escritor, dramaturgo, artista pl\u00e1stico, professor universit\u00e1rio, pol\u00edtico e ativista dos direitos civis e humanos das popula\u00e7\u00f5es negras. Esteve \u00e0 frente de projetos pioneiros na luta pela igualdade racial no Pa\u00eds, como o Teatro Experimental do Negro e o jornal Quilombo.<\/p>\n<p>Passou 13 anos em ex\u00edlio ap\u00f3s a edi\u00e7\u00e3o do Ato Institucional n\u00ba 5 do regime militar, em 1968. Foi um dos principais idealizadores do Dia da Consci\u00eancia Negra, que se comemora em 20 de novembro \u2013 data da entrega da comenda. Em 2010, chegou a ser recomendado pelo governo federal para uma indica\u00e7\u00e3o ao Pr\u00eamio Nobel da Paz, mas n\u00e3o foi inclu\u00eddo entre os finalistas.<\/p>\n<!-- AddThis Advanced Settings generic via filter on the_content --><!-- AddThis Share Buttons generic via filter on the_content -->","protected":false},"excerpt":{"rendered":"<p>\u201c\u00c9 um dia hist\u00f3rico na luta pela liberta\u00e7\u00e3o do povo negro neste pa\u00eds\u201d, afirmou o ent\u00e3o deputado pelo PDT, Abdias Nascimento \u2013 primeiro representante efetivo da causa afrodescendente na C\u00e2mara dos Deputados. O discurso emblem\u00e1tico ocorreu durante a marcha contra o racismo, no dia 11 de maio de 1988, no Rio de Janeiro.\u00a0Com milhares de&#8230;<!-- AddThis Advanced Settings generic via filter on wp_trim_excerpt --><!-- AddThis Share Buttons generic via filter on wp_trim_excerpt --><\/p>\n","protected":false},"author":17,"featured_media":57907,"comment_status":"closed","ping_status":"closed","sticky":false,"template":"","format":"standard","meta":{"_monsterinsights_skip_tracking":false,"_monsterinsights_sitenote_active":false,"_monsterinsights_sitenote_note":"","_monsterinsights_sitenote_category":0,"_uf_show_specific_survey":0,"_uf_disable_surveys":false,"footnotes":""},"categories":[1390],"tags":[1940,476,38,2723,1933],"class_list":["post-57906","post","type-post","status-publish","format-standard","has-post-thumbnail","hentry","category-editorias","tag-abdias-nascimento","tag-igualdade-racial","tag-pdt","tag-premio-nobel-da-paz","tag-racismo"],"acf":[],"_links":{"self":[{"href":"https:\/\/pdt-rj.org.br\/index.php\/wp-json\/wp\/v2\/posts\/57906","targetHints":{"allow":["GET"]}}],"collection":[{"href":"https:\/\/pdt-rj.org.br\/index.php\/wp-json\/wp\/v2\/posts"}],"about":[{"href":"https:\/\/pdt-rj.org.br\/index.php\/wp-json\/wp\/v2\/types\/post"}],"author":[{"embeddable":true,"href":"https:\/\/pdt-rj.org.br\/index.php\/wp-json\/wp\/v2\/users\/17"}],"replies":[{"embeddable":true,"href":"https:\/\/pdt-rj.org.br\/index.php\/wp-json\/wp\/v2\/comments?post=57906"}],"version-history":[{"count":6,"href":"https:\/\/pdt-rj.org.br\/index.php\/wp-json\/wp\/v2\/posts\/57906\/revisions"}],"predecessor-version":[{"id":58015,"href":"https:\/\/pdt-rj.org.br\/index.php\/wp-json\/wp\/v2\/posts\/57906\/revisions\/58015"}],"wp:featuredmedia":[{"embeddable":true,"href":"https:\/\/pdt-rj.org.br\/index.php\/wp-json\/wp\/v2\/media\/57907"}],"wp:attachment":[{"href":"https:\/\/pdt-rj.org.br\/index.php\/wp-json\/wp\/v2\/media?parent=57906"}],"wp:term":[{"taxonomy":"category","embeddable":true,"href":"https:\/\/pdt-rj.org.br\/index.php\/wp-json\/wp\/v2\/categories?post=57906"},{"taxonomy":"post_tag","embeddable":true,"href":"https:\/\/pdt-rj.org.br\/index.php\/wp-json\/wp\/v2\/tags?post=57906"}],"curies":[{"name":"wp","href":"https:\/\/api.w.org\/{rel}","templated":true}]}}