{"id":57895,"date":"2017-11-17T17:31:01","date_gmt":"2017-11-17T19:31:01","guid":{"rendered":"http:\/\/pdt-rj.org.br\/?p=57895"},"modified":"2017-11-17T17:32:37","modified_gmt":"2017-11-17T19:32:37","slug":"nas-entrelinhas-do-trabalhismo-a-trajetoria-de-doutel-de-andrade","status":"publish","type":"post","link":"https:\/\/pdt-rj.org.br\/index.php\/nas-entrelinhas-do-trabalhismo-a-trajetoria-de-doutel-de-andrade\/","title":{"rendered":"Nas entrelinhas do Trabalhismo, a trajet\u00f3ria de Doutel de Andrade"},"content":{"rendered":"<p>&#8220;As senten\u00e7as da hist\u00f3ria podem tardar, mas s\u00e3o inexor\u00e1veis. E dia vir\u00e1 em que o imp\u00e9rio da lei e a vontade do povo h\u00e3o de prevalecer\u201d, declarou Doutel de Andrade (centro da foto), que hoje (17) completaria 97 anos. Com posicionamentos firmes e combativos, o advogado e jornalista exerceu os cargos de deputado federal e vice-governador de Santa Catarina. Ao lado de Leonel Brizola, fundou o PDT e conseguiu marcar sua trajet\u00f3ria nas trincheiras do trabalhismo a partir do legado de Get\u00falio Vargas e Jo\u00e3o Goulart (Jango) desde o origin\u00e1rio PTB.<\/p>\n<p>Durante sua vasta trajet\u00f3ria, teve a chance de relatar, em uma reportagem, o momento em que leu, em primeira m\u00e3o, ao lado de Jango, ent\u00e3o l\u00edder petebista, a Carta Testamento deixada por Vargas.<\/p>\n<p>J\u00e1 na ditadura, se manteve firme como principal articulador e defensor do ide\u00e1rio trabalhista no Brasil, al\u00e9m de ser o porta-voz informal de Goulart. Imponente, lia manifestos produzidos pelo presidente deposto recheados de duros ataques ao general Castelo Branco.<\/p>\n<p>Na C\u00e2mara, ap\u00f3s 25 anos, Doutel, como l\u00edder do PDT, foi para a tribuna fazer um apanhado \u00fanico sobre os bastidores e realidades vividas ao passo da execu\u00e7\u00e3o do golpe militar contra a democracia brasileira. No in\u00edcio do discurso proferido no dia 31 de mar\u00e7o de 1989, logo ratificou a exist\u00eancia de provas sobre a atua\u00e7\u00e3o americana n\u00e3o s\u00f3 \u00a0na condu\u00e7\u00e3o, mas tamb\u00e9m no planejamento de todo o processo de ruptura democr\u00e1tica.<\/p>\n<p>\u201cHoje est\u00e1 provado documentadamente que ele foi elaborado e pensando nos Estados Unidos e desfechado a custa de\u2019 dinheiro norte-americano que aqui foi injetado em profus\u00e3o, inclusive nesta casa ajudando a que \u00e0s suas cadeiras viessem\u2019 representantes comprometidos com essas for\u00e7as que, desta mentira t\u00e3o violenta, interrompiam o processo de afirma\u00e7\u00e3o do Brasil como Na\u00e7\u00e3o e cultura\u201d.<\/p>\n<p>Essa conjuntura foi despertada pelas raz\u00f5es criadas pelo Trabalhismo desde a d\u00e9cada de 30, com o governo de Vargas e o in\u00edcio da industrializa\u00e7\u00e3o brasileira.<\/p>\n<p>\u201cPassa por Get\u00falio Vargas, pela sua gigantesca obra de governo, pela constru\u00e7\u00e3o do moderno Estado brasileiro. Passa pelo avan\u00e7o social, o avan\u00e7o das for\u00e7as trabalhistas, o avan\u00e7o das for\u00e7as trabalhadoras, na constru\u00e7\u00e3o de uma sociedade mais humana, mais igualit\u00e1ria. Vargas tamb\u00e9m n\u00e3o p\u00f4de concluir a sua obra. Viu-se acuado pelas for\u00e7as da rea\u00e7\u00e3o, pelas mesmas for\u00e7as que posteriormente levariam Jo\u00e3o Goulart ao ex\u00edlio e, numa madrugada, acossado, deu tiro no cora\u00e7\u00e3o e desertou a vida\u201d, afirmou.<\/p>\n<p>Leia mat\u00e9ria na \u00edntegra <a href=\"http:\/\/flb-ap.org.br\/noticia.php?id=3892&amp;title=nas-entrelinhas-do-trabalhismo-a-trajetoria-de-doutel-de-andrade\">aqui<\/a>.<\/p>\n<!-- AddThis Advanced Settings generic via filter on the_content --><!-- AddThis Share Buttons generic via filter on the_content -->","protected":false},"excerpt":{"rendered":"<p>&#8220;As senten\u00e7as da hist\u00f3ria podem tardar, mas s\u00e3o inexor\u00e1veis. E dia vir\u00e1 em que o imp\u00e9rio da lei e a vontade do povo h\u00e3o de prevalecer\u201d, declarou Doutel de Andrade (centro da foto), que hoje (17) completaria 97 anos. Com posicionamentos firmes e combativos, o advogado e jornalista exerceu os cargos de deputado federal e&#8230;<!-- AddThis Advanced Settings generic via filter on wp_trim_excerpt --><!-- AddThis Share Buttons generic via filter on wp_trim_excerpt --><\/p>\n","protected":false},"author":17,"featured_media":57899,"comment_status":"closed","ping_status":"closed","sticky":false,"template":"","format":"standard","meta":{"_monsterinsights_skip_tracking":false,"_monsterinsights_sitenote_active":false,"_monsterinsights_sitenote_note":"","_monsterinsights_sitenote_category":0,"_uf_show_specific_survey":0,"_uf_disable_surveys":false,"footnotes":""},"categories":[976],"tags":[2522,2722,437,514,565,38],"class_list":["post-57895","post","type-post","status-publish","format-standard","has-post-thumbnail","hentry","category-noticias-em-destaque","tag-carta-testamento","tag-doutel-de-andrade","tag-getulio-vargas","tag-joao-goulart","tag-leonel-brizola","tag-pdt"],"acf":[],"_links":{"self":[{"href":"https:\/\/pdt-rj.org.br\/index.php\/wp-json\/wp\/v2\/posts\/57895","targetHints":{"allow":["GET"]}}],"collection":[{"href":"https:\/\/pdt-rj.org.br\/index.php\/wp-json\/wp\/v2\/posts"}],"about":[{"href":"https:\/\/pdt-rj.org.br\/index.php\/wp-json\/wp\/v2\/types\/post"}],"author":[{"embeddable":true,"href":"https:\/\/pdt-rj.org.br\/index.php\/wp-json\/wp\/v2\/users\/17"}],"replies":[{"embeddable":true,"href":"https:\/\/pdt-rj.org.br\/index.php\/wp-json\/wp\/v2\/comments?post=57895"}],"version-history":[{"count":4,"href":"https:\/\/pdt-rj.org.br\/index.php\/wp-json\/wp\/v2\/posts\/57895\/revisions"}],"predecessor-version":[{"id":57902,"href":"https:\/\/pdt-rj.org.br\/index.php\/wp-json\/wp\/v2\/posts\/57895\/revisions\/57902"}],"wp:featuredmedia":[{"embeddable":true,"href":"https:\/\/pdt-rj.org.br\/index.php\/wp-json\/wp\/v2\/media\/57899"}],"wp:attachment":[{"href":"https:\/\/pdt-rj.org.br\/index.php\/wp-json\/wp\/v2\/media?parent=57895"}],"wp:term":[{"taxonomy":"category","embeddable":true,"href":"https:\/\/pdt-rj.org.br\/index.php\/wp-json\/wp\/v2\/categories?post=57895"},{"taxonomy":"post_tag","embeddable":true,"href":"https:\/\/pdt-rj.org.br\/index.php\/wp-json\/wp\/v2\/tags?post=57895"}],"curies":[{"name":"wp","href":"https:\/\/api.w.org\/{rel}","templated":true}]}}