{"id":57888,"date":"2017-11-17T16:22:22","date_gmt":"2017-11-17T18:22:22","guid":{"rendered":"http:\/\/pdt-rj.org.br\/?p=57888"},"modified":"2017-11-21T16:01:10","modified_gmt":"2017-11-21T18:01:10","slug":"para-angela-portela-nova-legislacao-prejudica-os-trabalhadores-e-beneficia-empresarios","status":"publish","type":"post","link":"https:\/\/pdt-rj.org.br\/index.php\/para-angela-portela-nova-legislacao-prejudica-os-trabalhadores-e-beneficia-empresarios\/","title":{"rendered":"Para \u00c2ngela Portela, nova Legisla\u00e7\u00e3o prejudica os trabalhadores e beneficia empres\u00e1rios"},"content":{"rendered":"<p><em>\u201cA nova legisla\u00e7\u00e3o, agora em vigor, \u00e9 um dos mais cru\u00e9is e retr\u00f3grados dos projetos apresentados \u00e0 sociedade pelo governo Temer\u201d<\/em><\/p>\n<p>A senadora \u00c2ngela Portela (PDT-RR) criticou em pronunciamento, nesta ter\u00e7a-feira (14), na tribuna do Senado, a nova Lei Trabalhista, sancionada em julho e que entrou em vigor, no \u00faltimo s\u00e1bado (11).<\/p>\n<p>\u201cA nova legisla\u00e7\u00e3o, agora em vigor, \u00e9 um dos mais cru\u00e9is e retr\u00f3grados dos projetos apresentados \u00e0 sociedade pelo governo Temer. Este projeto que retirou da Consolida\u00e7\u00e3o das Leis do Trabalho (CLT) uma s\u00e9rie de direitos e garantias, tem como t\u00f4nica retirar dos trabalhadores, benef\u00edcios conquistados historicamente, para repass\u00e1-los aos empregadores\u201d.<\/p>\n<p>Para a parlamentar, a mais perversa das mudan\u00e7as impostas por Temer aos trabalhadores brasileiros, foi a jornada intermitente, que permite a contrata\u00e7\u00e3o dos assalariados para trabalharem somente quando necess\u00e1rio, podendo os empregadores pagarem apenas pelo per\u00edodo em que os servi\u00e7os foram prestados.<\/p>\n<p>\u201cCom este tipo de contrato, est\u00e1 aberta a porta para a redu\u00e7\u00e3o dos sal\u00e1rios, o que nunca foi permitido pela legisla\u00e7\u00e3o\u201d, observou \u00c2ngela, destacando outra mudan\u00e7a na lei, fazendo prevalecer o negociado sobre o legislado, \u201co que se configura em uma porta escancarada para a retirada de direitos\u201d, afirmou.<\/p>\n<p><strong>Fies<\/strong><\/p>\n<p>A senadora criticou, ainda, a aprova\u00e7\u00e3o, pelo Senado da Medida Provis\u00f3ria 785, que altera o Financiamento Estudantil (Fies). \u201cO Fies, que \u00e9 o maior programa de financiamento estudantil de nossa hist\u00f3ria, e que passou a funcionar de verdade no governo do ex-presidente Lula, ampliando benef\u00edcios e prazos, n\u00e3o \u00e9 relevante para este governo\u201d, acusou.<\/p>\n<!-- AddThis Advanced Settings generic via filter on the_content --><!-- AddThis Share Buttons generic via filter on the_content -->","protected":false},"excerpt":{"rendered":"<p>\u201cA nova legisla\u00e7\u00e3o, agora em vigor, \u00e9 um dos mais cru\u00e9is e retr\u00f3grados dos projetos apresentados \u00e0 sociedade pelo governo Temer\u201d A senadora \u00c2ngela Portela (PDT-RR) criticou em pronunciamento, nesta ter\u00e7a-feira (14), na tribuna do Senado, a nova Lei Trabalhista, sancionada em julho e que entrou em vigor, no \u00faltimo s\u00e1bado (11). \u201cA nova legisla\u00e7\u00e3o,&#8230;<!-- AddThis Advanced Settings generic via filter on wp_trim_excerpt --><!-- AddThis Share Buttons generic via filter on wp_trim_excerpt --><\/p>\n","protected":false},"author":17,"featured_media":57890,"comment_status":"closed","ping_status":"closed","sticky":false,"template":"","format":"standard","meta":{"_monsterinsights_skip_tracking":false,"_monsterinsights_sitenote_active":false,"_monsterinsights_sitenote_note":"","_monsterinsights_sitenote_category":0,"_uf_show_specific_survey":0,"_uf_disable_surveys":false,"footnotes":""},"categories":[1390],"tags":[2155,247,2718,2719,2720,38,1578],"class_list":["post-57888","post","type-post","status-publish","format-standard","has-post-thumbnail","hentry","category-editorias","tag-angela-portela","tag-consolidacao-das-leis-do-trabalho","tag-fies","tag-financiamento-estudantil","tag-lei-trabalhista","tag-pdt","tag-reforma-trabalhista"],"acf":[],"_links":{"self":[{"href":"https:\/\/pdt-rj.org.br\/index.php\/wp-json\/wp\/v2\/posts\/57888","targetHints":{"allow":["GET"]}}],"collection":[{"href":"https:\/\/pdt-rj.org.br\/index.php\/wp-json\/wp\/v2\/posts"}],"about":[{"href":"https:\/\/pdt-rj.org.br\/index.php\/wp-json\/wp\/v2\/types\/post"}],"author":[{"embeddable":true,"href":"https:\/\/pdt-rj.org.br\/index.php\/wp-json\/wp\/v2\/users\/17"}],"replies":[{"embeddable":true,"href":"https:\/\/pdt-rj.org.br\/index.php\/wp-json\/wp\/v2\/comments?post=57888"}],"version-history":[{"count":2,"href":"https:\/\/pdt-rj.org.br\/index.php\/wp-json\/wp\/v2\/posts\/57888\/revisions"}],"predecessor-version":[{"id":57944,"href":"https:\/\/pdt-rj.org.br\/index.php\/wp-json\/wp\/v2\/posts\/57888\/revisions\/57944"}],"wp:featuredmedia":[{"embeddable":true,"href":"https:\/\/pdt-rj.org.br\/index.php\/wp-json\/wp\/v2\/media\/57890"}],"wp:attachment":[{"href":"https:\/\/pdt-rj.org.br\/index.php\/wp-json\/wp\/v2\/media?parent=57888"}],"wp:term":[{"taxonomy":"category","embeddable":true,"href":"https:\/\/pdt-rj.org.br\/index.php\/wp-json\/wp\/v2\/categories?post=57888"},{"taxonomy":"post_tag","embeddable":true,"href":"https:\/\/pdt-rj.org.br\/index.php\/wp-json\/wp\/v2\/tags?post=57888"}],"curies":[{"name":"wp","href":"https:\/\/api.w.org\/{rel}","templated":true}]}}