{"id":57843,"date":"2017-11-13T15:41:10","date_gmt":"2017-11-13T17:41:10","guid":{"rendered":"http:\/\/pdt-rj.org.br\/?p=57843"},"modified":"2017-11-13T15:48:28","modified_gmt":"2017-11-13T17:48:28","slug":"projeto-de-weverton-rocha-agrava-a-pena-em-casos-de-feminicidio","status":"publish","type":"post","link":"https:\/\/pdt-rj.org.br\/index.php\/projeto-de-weverton-rocha-agrava-a-pena-em-casos-de-feminicidio\/","title":{"rendered":"Projeto de Weverton Rocha agrava a pena em casos de feminic\u00eddio"},"content":{"rendered":"<div dir=\"ltr\">\n<p class=\"yiv9830627348MsoNormal\">Em entrevista concedida nesta segunda-feira (13) ao programa Hora D, da TV Difusora, o deputado federal Weverton Rocha (PDT-MA) defendeu penas mais duras para quem pratica feminic\u00eddio.\u00a0 O parlamentar falou sobre o seu projeto de lei que muda o C\u00f3digo Penal para aumentar a pena de um ter\u00e7o \u00e0 metade, em casos com agravantes. O projeto j\u00e1 foi aprovado pela C\u00e2mara dos Deputados e tramita agora no Senado Federal.<\/p>\n<p class=\"yiv9830627348MsoNormal\">\u201cNo Dia Estadual de Combate ao Feminic\u00eddio, temos que chamar a aten\u00e7\u00e3o para o problema e buscar solu\u00e7\u00f5es, tanto na puni\u00e7\u00e3o aos culpados como na preven\u00e7\u00e3o, por meio da conscientiza\u00e7\u00e3o para o respeito \u00e0 mulher\u201d, argumentou o deputado.<\/p>\n<p class=\"yiv9830627348MsoNormal\">O projeto de lei de Weverton Rocha, que \u00e9 l\u00edder do PDT na C\u00e2mara, prev\u00ea o agravamento da pena em casos de o feminic\u00eddio ser praticado contra mulher menor de 14 anos, maior de 60 anos, com defici\u00eancia ou portadora de doen\u00e7a degenerativa que a torne mais vulner\u00e1vel; na presen\u00e7a f\u00edsica ou virtual de ascendente ou descendente da v\u00edtima;ou em descumprimento de medida protetiva.<\/p>\n<p class=\"yiv9830627348MsoNormal\">\u201cA expectativa \u00e9 que a pena maior possa coibir a pr\u00e1tica do feminic\u00eddio. Este tipo de crime hediondo, covarde, n\u00e3o deve acontecer\u201d, afirmou Weverton Rocha.<\/p>\n<\/div>\n<!-- AddThis Advanced Settings generic via filter on the_content --><!-- AddThis Share Buttons generic via filter on the_content -->","protected":false},"excerpt":{"rendered":"<p>Em entrevista concedida nesta segunda-feira (13) ao programa Hora D, da TV Difusora, o deputado federal Weverton Rocha (PDT-MA) defendeu penas mais duras para quem pratica feminic\u00eddio.\u00a0 O parlamentar falou sobre o seu projeto de lei que muda o C\u00f3digo Penal para aumentar a pena de um ter\u00e7o \u00e0 metade, em casos com agravantes. O&#8230;<!-- AddThis Advanced Settings generic via filter on wp_trim_excerpt --><!-- AddThis Share Buttons generic via filter on wp_trim_excerpt --><\/p>\n","protected":false},"author":17,"featured_media":57844,"comment_status":"closed","ping_status":"closed","sticky":false,"template":"","format":"standard","meta":{"_monsterinsights_skip_tracking":false,"_monsterinsights_sitenote_active":false,"_monsterinsights_sitenote_note":"","_monsterinsights_sitenote_category":0,"_uf_show_specific_survey":0,"_uf_disable_surveys":false,"footnotes":""},"categories":[1390,1459],"tags":[2713,2714,38,962],"class_list":["post-57843","post","type-post","status-publish","format-standard","has-post-thumbnail","hentry","category-editorias","category-congresso","tag-dia-estadual-de-combate-ao-feminicidio","tag-hora-d","tag-pdt","tag-weverton-rocha"],"acf":[],"_links":{"self":[{"href":"https:\/\/pdt-rj.org.br\/index.php\/wp-json\/wp\/v2\/posts\/57843","targetHints":{"allow":["GET"]}}],"collection":[{"href":"https:\/\/pdt-rj.org.br\/index.php\/wp-json\/wp\/v2\/posts"}],"about":[{"href":"https:\/\/pdt-rj.org.br\/index.php\/wp-json\/wp\/v2\/types\/post"}],"author":[{"embeddable":true,"href":"https:\/\/pdt-rj.org.br\/index.php\/wp-json\/wp\/v2\/users\/17"}],"replies":[{"embeddable":true,"href":"https:\/\/pdt-rj.org.br\/index.php\/wp-json\/wp\/v2\/comments?post=57843"}],"version-history":[{"count":3,"href":"https:\/\/pdt-rj.org.br\/index.php\/wp-json\/wp\/v2\/posts\/57843\/revisions"}],"predecessor-version":[{"id":57847,"href":"https:\/\/pdt-rj.org.br\/index.php\/wp-json\/wp\/v2\/posts\/57843\/revisions\/57847"}],"wp:featuredmedia":[{"embeddable":true,"href":"https:\/\/pdt-rj.org.br\/index.php\/wp-json\/wp\/v2\/media\/57844"}],"wp:attachment":[{"href":"https:\/\/pdt-rj.org.br\/index.php\/wp-json\/wp\/v2\/media?parent=57843"}],"wp:term":[{"taxonomy":"category","embeddable":true,"href":"https:\/\/pdt-rj.org.br\/index.php\/wp-json\/wp\/v2\/categories?post=57843"},{"taxonomy":"post_tag","embeddable":true,"href":"https:\/\/pdt-rj.org.br\/index.php\/wp-json\/wp\/v2\/tags?post=57843"}],"curies":[{"name":"wp","href":"https:\/\/api.w.org\/{rel}","templated":true}]}}