{"id":57836,"date":"2017-11-13T12:12:49","date_gmt":"2017-11-13T14:12:49","guid":{"rendered":"http:\/\/pdt-rj.org.br\/?p=57836"},"modified":"2017-11-17T17:35:00","modified_gmt":"2017-11-17T19:35:00","slug":"acyr-gurgaz-e-reconduzido-em-rondonia-e-ira-disputar-governo-do-estado","status":"publish","type":"post","link":"https:\/\/pdt-rj.org.br\/index.php\/acyr-gurgaz-e-reconduzido-em-rondonia-e-ira-disputar-governo-do-estado\/","title":{"rendered":"Acir Gurgacz \u00e9 reconduzido em Rond\u00f4nia e ir\u00e1 disputar Governo do estado"},"content":{"rendered":"<p>O senador Acir Gurgacz, foi reconduzido, nesse domingo (12), \u00e0 presid\u00eancia do PDT de Rond\u00f4nia, durante conven\u00e7\u00e3o do partido realizado na capital Porto Velho, com a presen\u00e7a do presidente nacional da legenda, Carlos Lupi, e do presidenci\u00e1vel Ciro Gomes. O parlamentar reassume o posto com a miss\u00e3o de conduzir o processo eleitoral no pr\u00f3ximo ano no estado.<\/p>\n<p>\u201cEstamos empenhados para trabalhar para um Brasil melhor e uma Rond\u00f4nia promissora\u201d, disse o parlamentar, afirmando que o PDT est\u00e1 preparado e tem quadros para disputar as elei\u00e7\u00f5es para Assembleia, C\u00e2mara Federal, Senado Federal e governo do Estado.<\/p>\n<p>Gurgacz tamb\u00e9m destacou a pr\u00e9-candidatura de Ciro Gomes \u00e0 Presid\u00eancia da Republica e convidou a popula\u00e7\u00e3o para unir for\u00e7as e dizer \u00e0 sociedade que o partido tem um projeto para o Brasil e para Rond\u00f4nia.<\/p>\n<p>\u201cN\u00e3o podemos entregar o estado para quem n\u00e3o tem compromisso com a coletividade e nas m\u00e3os de quem desvia dinheiro p\u00fablico e de oportunistas que desviam dinheiro da agricultura. O dinheiro desviado da corrup\u00e7\u00e3o \u00e9 o que faz falta para administrar o estado no futuro\u201d, disse.<\/p>\n<p>Em seu pronunciamento, Lupi destacou o trabalho do senador Acir e a trajet\u00f3ria pol\u00edtica do parlamentar em Rond\u00f4nia.<\/p>\n<p>\u201cAcir escolheu Rond\u00f4nia para desbravar e hoje est\u00e1 colocando \u00e0 disposi\u00e7\u00e3o do povo a sua trajet\u00f3ria de vida e seu gesto de gratid\u00e3o por esse estado. Quando voc\u00ea aceitar entrar em uma disputa eleitoral, voc\u00ea est\u00e1 colocando \u00e0 disposi\u00e7\u00e3o da popula\u00e7\u00e3o a compet\u00eancia. \u00c9 uma honra para o PDT ter Acir representando Rond\u00f4nia\u201d, disse Lupi.<\/p>\n<p>J\u00e1 Ciro, afirmou que um dos objetivos da conven\u00e7\u00e3o do PDT em Rond\u00f4nia foi o de conscientizar a milit\u00e2ncia acerca da import\u00e2ncia de se combater a viol\u00eancia no Pa\u00eds por meio de investimentos na educa\u00e7\u00e3o.<\/p>\n<p>\u201cHoje, mais de 10 milh\u00f5es de pessoas est\u00e3o vivendo da repress\u00e3o das cidades. O sentido superior do encontro de hoje \u00e9 reunir e levar a lembran\u00e7a para casa da milit\u00e2ncia que 62 mil brasileiros foram assassinados nos \u00faltimos anos. Esse n\u00famero \u00e9 mais de tr\u00eas vezes somando as mortes nas \u00faltimas guerras. S\u00e3o jovens e negros e pobres. O Pa\u00eds tem menos jovens matriculados no ensino superior, enquanto isso, sobra dinheiro para roubo e especula\u00e7\u00e3o financeira. O nosso povo faz ora\u00e7\u00e3o e pede a Deus para ajudar o Brasil a encontrar um caminho para sair da crise\u201d, disse.<\/p>\n<p>Tamb\u00e9m estiveram presentes no encontro os presidentes do PSDB em Rond\u00f4nia, deputada federal Mariana Carvalho, presidente regional do PSB, Mauro Nazif, deputados estaduais L\u00e9o Moraes (PTB), Luizinho Goebel (PV), Saulo Moreira (PDT), Airton Gurgacz (PDT), vice-prefeito de Ji-Paran\u00e1, Jesualdo Pires, vereadores da capital e interior, al\u00e9m de lideran\u00e7as pol\u00edticas.<\/p>\n<!-- AddThis Advanced Settings generic via filter on the_content --><!-- AddThis Share Buttons generic via filter on the_content -->","protected":false},"excerpt":{"rendered":"<p>O senador Acir Gurgacz, foi reconduzido, nesse domingo (12), \u00e0 presid\u00eancia do PDT de Rond\u00f4nia, durante conven\u00e7\u00e3o do partido realizado na capital Porto Velho, com a presen\u00e7a do presidente nacional da legenda, Carlos Lupi, e do presidenci\u00e1vel Ciro Gomes. O parlamentar reassume o posto com a miss\u00e3o de conduzir o processo eleitoral no pr\u00f3ximo ano&#8230;<!-- AddThis Advanced Settings generic via filter on wp_trim_excerpt --><!-- AddThis Share Buttons generic via filter on wp_trim_excerpt --><\/p>\n","protected":false},"author":17,"featured_media":57838,"comment_status":"closed","ping_status":"closed","sticky":false,"template":"","format":"standard","meta":{"_monsterinsights_skip_tracking":false,"_monsterinsights_sitenote_active":false,"_monsterinsights_sitenote_note":"","_monsterinsights_sitenote_category":0,"_uf_show_specific_survey":0,"_uf_disable_surveys":false,"footnotes":""},"categories":[1390],"tags":[2712,220,38],"class_list":["post-57836","post","type-post","status-publish","format-standard","has-post-thumbnail","hentry","category-editorias","tag-acir-gourgacz","tag-ciro-gomes","tag-pdt"],"acf":[],"_links":{"self":[{"href":"https:\/\/pdt-rj.org.br\/index.php\/wp-json\/wp\/v2\/posts\/57836","targetHints":{"allow":["GET"]}}],"collection":[{"href":"https:\/\/pdt-rj.org.br\/index.php\/wp-json\/wp\/v2\/posts"}],"about":[{"href":"https:\/\/pdt-rj.org.br\/index.php\/wp-json\/wp\/v2\/types\/post"}],"author":[{"embeddable":true,"href":"https:\/\/pdt-rj.org.br\/index.php\/wp-json\/wp\/v2\/users\/17"}],"replies":[{"embeddable":true,"href":"https:\/\/pdt-rj.org.br\/index.php\/wp-json\/wp\/v2\/comments?post=57836"}],"version-history":[{"count":5,"href":"https:\/\/pdt-rj.org.br\/index.php\/wp-json\/wp\/v2\/posts\/57836\/revisions"}],"predecessor-version":[{"id":57903,"href":"https:\/\/pdt-rj.org.br\/index.php\/wp-json\/wp\/v2\/posts\/57836\/revisions\/57903"}],"wp:featuredmedia":[{"embeddable":true,"href":"https:\/\/pdt-rj.org.br\/index.php\/wp-json\/wp\/v2\/media\/57838"}],"wp:attachment":[{"href":"https:\/\/pdt-rj.org.br\/index.php\/wp-json\/wp\/v2\/media?parent=57836"}],"wp:term":[{"taxonomy":"category","embeddable":true,"href":"https:\/\/pdt-rj.org.br\/index.php\/wp-json\/wp\/v2\/categories?post=57836"},{"taxonomy":"post_tag","embeddable":true,"href":"https:\/\/pdt-rj.org.br\/index.php\/wp-json\/wp\/v2\/tags?post=57836"}],"curies":[{"name":"wp","href":"https:\/\/api.w.org\/{rel}","templated":true}]}}