{"id":57821,"date":"2017-11-11T00:50:43","date_gmt":"2017-11-11T02:50:43","guid":{"rendered":"http:\/\/pdt-rj.org.br\/?p=57821"},"modified":"2017-11-21T19:04:03","modified_gmt":"2017-11-21T21:04:03","slug":"clt-de-getulio-vargas-completa-74-anos-de-vigencia-um-dia-antes-do-seu-obito","status":"publish","type":"post","link":"https:\/\/pdt-rj.org.br\/index.php\/clt-de-getulio-vargas-completa-74-anos-de-vigencia-um-dia-antes-do-seu-obito\/","title":{"rendered":"CLT de Get\u00falio Vargas completa 74 anos de vig\u00eancia um dia antes do seu \u00f3bito"},"content":{"rendered":"<p>Os trabalhadores brasileiros celebraram, em 10 de novembro de 1943, uma conquista hist\u00f3rica: a entrada em vigor da Consolida\u00e7\u00e3o das Leis do Trabalho (CLT), que foi sancionada, via decreto-lei, pelo ent\u00e3o presidente da Rep\u00fablica, Get\u00falio Vargas, durante o 1\u00ba de maio do mesmo ano.<\/p>\n<p>Por percal\u00e7os , o marco completa 74 anos justamente a um dia (11) da entrada em vigor da reforma criada pelo governo de Michel Temer \u2013 e aprovada no Congresso Nacional \u2013 para desfigurar os direitos do povo.<\/p>\n<p>O novo texto permitir\u00e1 diversos ataques e contrariam a Constitui\u00e7\u00e3o Federal e as conven\u00e7\u00f5es internacionais, incluindo a preval\u00eancia do negociado sobre o legislado, o regime de tempo parcial, a flexibiliza\u00e7\u00e3o da jornada, a terceiriza\u00e7\u00e3o da atividade-fim, o trabalho tempor\u00e1rio e a jornada intermitente.<\/p>\n<p>O presidente nacional do PDT e ex-ministro do Trabalho, Carlos Lupi, relembrou que na sua gest\u00e3o analisava o tema em conjunto com todos os envolvidos. &#8220;Sempre busquei um acordo tripartite entre governo, empres\u00e1rios e trabalhadores. A atualiza\u00e7\u00e3o legislativa n\u00e3o pode mexer com direitos&#8221;, garantiu, ao completar: \u201cEssa proposta \u00e9 um nome mais singelo para \u2018extin\u00e7\u00e3o da CLT\u2019.<\/p>\n<p>\u201cEsse \u00e9 o retrato de um governo sem escr\u00fapulos e comprometido com causas esp\u00farias. Simbolicamente, os direitos dos trabalhadores ser\u00e3o enterrados ap\u00f3s a passagem do pr\u00f3prio anivers\u00e1rio. Se o povo n\u00e3o acordar, v\u00e3o fazer a mesma coisa com a Previd\u00eancia\u201d, afirmou Manoel Dias, que tamb\u00e9m foi ministro do Trabalho e Emprego e, atualmente, preside a Funda\u00e7\u00e3o Leonel Brizola \u2013 Alberto Pasqualini (FLB-AP).<\/p>\n<!-- AddThis Advanced Settings generic via filter on the_content --><!-- AddThis Share Buttons generic via filter on the_content -->","protected":false},"excerpt":{"rendered":"<p>Os trabalhadores brasileiros celebraram, em 10 de novembro de 1943, uma conquista hist\u00f3rica: a entrada em vigor da Consolida\u00e7\u00e3o das Leis do Trabalho (CLT), que foi sancionada, via decreto-lei, pelo ent\u00e3o presidente da Rep\u00fablica, Get\u00falio Vargas, durante o 1\u00ba de maio do mesmo ano. Por percal\u00e7os , o marco completa 74 anos justamente a um&#8230;<!-- AddThis Advanced Settings generic via filter on wp_trim_excerpt --><!-- AddThis Share Buttons generic via filter on wp_trim_excerpt --><\/p>\n","protected":false},"author":17,"featured_media":57822,"comment_status":"closed","ping_status":"closed","sticky":false,"template":"","format":"standard","meta":{"_monsterinsights_skip_tracking":false,"_monsterinsights_sitenote_active":false,"_monsterinsights_sitenote_note":"","_monsterinsights_sitenote_category":0,"_uf_show_specific_survey":0,"_uf_disable_surveys":false,"footnotes":""},"categories":[1390],"tags":[196,224,247,426,437,591],"class_list":["post-57821","post","type-post","status-publish","format-standard","has-post-thumbnail","hentry","category-editorias","tag-carlos-lupi","tag-clt","tag-consolidacao-das-leis-do-trabalho","tag-fundacao-leonel-brizola-alberto-pasqualini","tag-getulio-vargas","tag-manoel-dias"],"acf":[],"_links":{"self":[{"href":"https:\/\/pdt-rj.org.br\/index.php\/wp-json\/wp\/v2\/posts\/57821","targetHints":{"allow":["GET"]}}],"collection":[{"href":"https:\/\/pdt-rj.org.br\/index.php\/wp-json\/wp\/v2\/posts"}],"about":[{"href":"https:\/\/pdt-rj.org.br\/index.php\/wp-json\/wp\/v2\/types\/post"}],"author":[{"embeddable":true,"href":"https:\/\/pdt-rj.org.br\/index.php\/wp-json\/wp\/v2\/users\/17"}],"replies":[{"embeddable":true,"href":"https:\/\/pdt-rj.org.br\/index.php\/wp-json\/wp\/v2\/comments?post=57821"}],"version-history":[{"count":2,"href":"https:\/\/pdt-rj.org.br\/index.php\/wp-json\/wp\/v2\/posts\/57821\/revisions"}],"predecessor-version":[{"id":57946,"href":"https:\/\/pdt-rj.org.br\/index.php\/wp-json\/wp\/v2\/posts\/57821\/revisions\/57946"}],"wp:featuredmedia":[{"embeddable":true,"href":"https:\/\/pdt-rj.org.br\/index.php\/wp-json\/wp\/v2\/media\/57822"}],"wp:attachment":[{"href":"https:\/\/pdt-rj.org.br\/index.php\/wp-json\/wp\/v2\/media?parent=57821"}],"wp:term":[{"taxonomy":"category","embeddable":true,"href":"https:\/\/pdt-rj.org.br\/index.php\/wp-json\/wp\/v2\/categories?post=57821"},{"taxonomy":"post_tag","embeddable":true,"href":"https:\/\/pdt-rj.org.br\/index.php\/wp-json\/wp\/v2\/tags?post=57821"}],"curies":[{"name":"wp","href":"https:\/\/api.w.org\/{rel}","templated":true}]}}