{"id":57798,"date":"2017-11-07T19:09:01","date_gmt":"2017-11-07T21:09:01","guid":{"rendered":"http:\/\/pdt-rj.org.br\/?p=57798"},"modified":"2017-11-13T14:18:43","modified_gmt":"2017-11-13T16:18:43","slug":"executiva-nacional-do-pdt-se-reune-em-brasilia-para-discutir-2018","status":"publish","type":"post","link":"https:\/\/pdt-rj.org.br\/index.php\/executiva-nacional-do-pdt-se-reune-em-brasilia-para-discutir-2018\/","title":{"rendered":"Executiva Nacional do PDT se re\u00fane em Bras\u00edlia para discutir elei\u00e7\u00f5es 2018"},"content":{"rendered":"<p>A Executiva Nacional do PDT ampliada, mais os parlamentares do partido, se reuniram nesta ter\u00e7a-feira (7), em Bras\u00edlia, para discutir normas para as elei\u00e7\u00f5es de 2018. O documento, entre outros pontos, abordar\u00e1 regras para a cria\u00e7\u00e3o de alian\u00e7as estaduais \u2013 fundamentais para constru\u00e7\u00e3o de palanques nos Estados que servir\u00e3o como plataforma para a candidatura presidencial do PDT \u2013 que tem como pr\u00e9-candidato Ciro Gomes. O encontro contou tamb\u00e9m com todos os presidentes dos movimentos do PDT.<\/p>\n<p>O presidente Nacional do PDT, Carlos Lupi, abriu a reuni\u00e3o discutindo as possibilidades que poder\u00e3o compor a resolu\u00e7\u00e3o, relembrando que, muitos deles, que est\u00e3o sendo organizados, apenas corroboram decis\u00f5es da Justi\u00e7a Eleitoral.<\/p>\n<p>\u201c\u00c9 fundamental delimitar a\u00e7\u00f5es nos estados para que possamos nos fortalecer e levar o nome de Ciro de forma un\u00e2nime. \u00c9 a hora de unir os esfor\u00e7os e mostrar nosso projeto para todo o Brasil. Estamos prontos e temos um nome de honra nosso legado\u201d, afirmou Lupi.<\/p>\n<p>Ciro Gomes aproveitou o encontro para falar um pouco sobre a agenda que vem cumprindo em todos os estados brasileiros, principalmente nas Universidades, onde tem ministrado palestras que chegam a reunir mais de dois mil estudantes.<\/p>\n<p>\u201cEu vou, fa\u00e7o uma palestra de uma hora e ainda respondo perguntas dos jovens por uma hora e meia. E tenho ficado bem impressionado com o n\u00edvel de organiza\u00e7\u00e3o que eles t\u00eam, principalmente nas redes sociais. \u00c9 muito gratificante percorrer essas Universidades e responder os anseios e d\u00favidas da nossa juventude\u201d, explicou Ciro.<\/p>\n<p>Um a um, os cerca de 50 participantes da reuni\u00e3o foram relatando os momentos pr\u00e9-campanha em seus estados, explicando como andam as negocia\u00e7\u00f5es em torno de alian\u00e7as e as discuss\u00f5es regionais, sempre levando em considera\u00e7\u00e3o o cen\u00e1rio pol\u00edtico nacional.<\/p>\n<p>A reuni\u00e3o tamb\u00e9m serviu para que a Executiva Nacional do PDT homenageasse Ciro Gomes, que recentemente completou 60 anos de idade.<\/p>\n<!-- AddThis Advanced Settings generic via filter on the_content --><!-- AddThis Share Buttons generic via filter on the_content -->","protected":false},"excerpt":{"rendered":"<p>A Executiva Nacional do PDT ampliada, mais os parlamentares do partido, se reuniram nesta ter\u00e7a-feira (7), em Bras\u00edlia, para discutir normas para as elei\u00e7\u00f5es de 2018. O documento, entre outros pontos, abordar\u00e1 regras para a cria\u00e7\u00e3o de alian\u00e7as estaduais \u2013 fundamentais para constru\u00e7\u00e3o de palanques nos Estados que servir\u00e3o como plataforma para a candidatura presidencial&#8230;<!-- AddThis Advanced Settings generic via filter on wp_trim_excerpt --><!-- AddThis Share Buttons generic via filter on wp_trim_excerpt --><\/p>\n","protected":false},"author":17,"featured_media":57800,"comment_status":"closed","ping_status":"closed","sticky":false,"template":"","format":"standard","meta":{"_monsterinsights_skip_tracking":false,"_monsterinsights_sitenote_active":false,"_monsterinsights_sitenote_note":"","_monsterinsights_sitenote_category":0,"_uf_show_specific_survey":0,"_uf_disable_surveys":false,"footnotes":""},"categories":[1401,976],"tags":[196,220,348,383,38],"class_list":["post-57798","post","type-post","status-publish","format-standard","has-post-thumbnail","hentry","category-nacional","category-noticias-em-destaque","tag-carlos-lupi","tag-ciro-gomes","tag-eleicoes-2018","tag-executiva-nacional","tag-pdt"],"acf":[],"_links":{"self":[{"href":"https:\/\/pdt-rj.org.br\/index.php\/wp-json\/wp\/v2\/posts\/57798","targetHints":{"allow":["GET"]}}],"collection":[{"href":"https:\/\/pdt-rj.org.br\/index.php\/wp-json\/wp\/v2\/posts"}],"about":[{"href":"https:\/\/pdt-rj.org.br\/index.php\/wp-json\/wp\/v2\/types\/post"}],"author":[{"embeddable":true,"href":"https:\/\/pdt-rj.org.br\/index.php\/wp-json\/wp\/v2\/users\/17"}],"replies":[{"embeddable":true,"href":"https:\/\/pdt-rj.org.br\/index.php\/wp-json\/wp\/v2\/comments?post=57798"}],"version-history":[{"count":6,"href":"https:\/\/pdt-rj.org.br\/index.php\/wp-json\/wp\/v2\/posts\/57798\/revisions"}],"predecessor-version":[{"id":57842,"href":"https:\/\/pdt-rj.org.br\/index.php\/wp-json\/wp\/v2\/posts\/57798\/revisions\/57842"}],"wp:featuredmedia":[{"embeddable":true,"href":"https:\/\/pdt-rj.org.br\/index.php\/wp-json\/wp\/v2\/media\/57800"}],"wp:attachment":[{"href":"https:\/\/pdt-rj.org.br\/index.php\/wp-json\/wp\/v2\/media?parent=57798"}],"wp:term":[{"taxonomy":"category","embeddable":true,"href":"https:\/\/pdt-rj.org.br\/index.php\/wp-json\/wp\/v2\/categories?post=57798"},{"taxonomy":"post_tag","embeddable":true,"href":"https:\/\/pdt-rj.org.br\/index.php\/wp-json\/wp\/v2\/tags?post=57798"}],"curies":[{"name":"wp","href":"https:\/\/api.w.org\/{rel}","templated":true}]}}