{"id":56091,"date":"2017-10-26T01:36:20","date_gmt":"2017-10-26T03:36:20","guid":{"rendered":"http:\/\/pdt-rj.org.br\/?p=56091"},"modified":"2017-10-26T10:23:10","modified_gmt":"2017-10-26T12:23:10","slug":"ciep-a-ferramenta-de-darcy-ribeiro-para-emancipar-o-povo","status":"publish","type":"post","link":"https:\/\/pdt-rj.org.br\/index.php\/ciep-a-ferramenta-de-darcy-ribeiro-para-emancipar-o-povo\/","title":{"rendered":"Ciep: a ferramenta de Darcy Ribeiro para emancipar o povo"},"content":{"rendered":"<p>\u201cO Ciep \u00e9 a minha grande alegria, e \u00e9 tamb\u00e9m o meu orgulho\u201d. Assim, Darcy Ribeiro iniciava seu discurso em frente a uma das 500 unidades constru\u00eddas por Leonel Brizola durante sua primeira gest\u00e3o (1983-1987) do estado fluminense. A iniciativa pedetista dos Centros Integrados de Educa\u00e7\u00e3o P\u00fablica representa, at\u00e9 o hoje, o maior projeto para o setor que o Brasil j\u00e1 teve.<\/p>\n<p>Vision\u00e1rio, Darcy j\u00e1 indicava o caminho para emancipar o povo. &#8220;Ciep \u00e9 a escola que o Brasil precisa!&#8221;, garantia. Esses \u201cBrizol\u00f5es\u201d, como foram apelidados, buscavam oferecer ensino p\u00fablico de qualidade em per\u00edodo integral aos alunos da rede estadual. Al\u00e9m de refei\u00e7\u00f5es completas ao longo do dia, os alunos contavam com atividades complementares e atendimento m\u00e9dico e odontol\u00f3gico.<\/p>\n<p>\u201cO capitalismo fez escolas muito boas e eu quero obrigar o capitalismo daqui a fazer boas escolas aqui. No socialismo, eu vou querer muito mais. Agora, \u00e9 o capitalismo que tem que dar a escola que eu estou querendo aqui e agora, para a crian\u00e7ada daqui e de agora&#8221;, indicava o ex-senador pelo PDT.<\/p>\n<p>Por todo o Rio, \u00e9 poss\u00edvel perceber a presen\u00e7a das obras desenhadas com o tra\u00e7o de Oscar Niemeyer. Inconfund\u00edveis, os edif\u00edcios de concreto, emoldurados por grandes janelas retangulares e bordas arredondadas, s\u00e3o registros hist\u00f3ricos de um pensamento que sempre estava \u00e0 frente da sua realidade temporal.<\/p>\n<p>O hist\u00f3rico bairro do Catete, na capital, que tamb\u00e9m sedia o pal\u00e1cio residencial o presidente Get\u00falio Vargas, foi escolhido para receber a primeira unidade. Inaugurado no dia 8 de maio de 1985, o Ciep Tancredo Neves, com seu simbolismo, agregava salas de leitura e de artesanato, uma quadra esportiva, consult\u00f3rios m\u00e9dico e odontol\u00f3gico e at\u00e9 dormit\u00f3rios para alunos em situa\u00e7\u00e3o de vulnerabilidade social.<\/p>\n<p><strong>Realidade<\/strong><\/p>\n<p>\u201cSe os governantes n\u00e3o constru\u00edrem escolas, em 20 anos faltar\u00e1 dinheiro para construir pres\u00eddios\u201d, disse o mineiro, em uma confer\u00eancia, em 1982. Atual e impactante, a frase retrata com clareza o resultado da destrui\u00e7\u00e3o do projeto gerado pelos governos de direita subordinados \u00e0 elite feudal n\u00e3o s\u00f3 do Rio de Janeiro, mas de todo o pa\u00eds.<\/p>\n<p>Ao acabar com o principal pilar, o ensino integral, que foi substitu\u00eddo pelo formato de turno, o neoliberalismo angor\u00e1 abriu as portas da marginalidade para gera\u00e7\u00f5es que incrementam as estat\u00edsticas criminais.<\/p>\n<p>Os estados brasileiros gastam, em m\u00e9dia, cerca de R$ 21 mil por ano com cada preso. Esse valor representa quase nove vezes mais do que \u00e9 destinado para um aluno do ensino m\u00e9dio, que demanda R$ 2,3 mil no mesmo per\u00edodo.<\/p>\n<!-- AddThis Advanced Settings generic via filter on the_content --><!-- AddThis Share Buttons generic via filter on the_content -->","protected":false},"excerpt":{"rendered":"<p>\u201cO Ciep \u00e9 a minha grande alegria, e \u00e9 tamb\u00e9m o meu orgulho\u201d. Assim, Darcy Ribeiro iniciava seu discurso em frente a uma das 500 unidades constru\u00eddas por Leonel Brizola durante sua primeira gest\u00e3o (1983-1987) do estado fluminense. A iniciativa pedetista dos Centros Integrados de Educa\u00e7\u00e3o P\u00fablica representa, at\u00e9 o hoje, o maior projeto para&#8230;<!-- AddThis Advanced Settings generic via filter on wp_trim_excerpt --><!-- AddThis Share Buttons generic via filter on wp_trim_excerpt --><\/p>\n","protected":false},"author":17,"featured_media":56092,"comment_status":"closed","ping_status":"closed","sticky":false,"template":"","format":"standard","meta":{"_monsterinsights_skip_tracking":false,"_monsterinsights_sitenote_active":false,"_monsterinsights_sitenote_note":"","_monsterinsights_sitenote_category":0,"_uf_show_specific_survey":0,"_uf_disable_surveys":false,"footnotes":""},"categories":[976],"tags":[1544,2698,277],"class_list":["post-56091","post","type-post","status-publish","format-standard","has-post-thumbnail","hentry","category-noticias-em-destaque","tag-centros-integrados-de-educacao-publica","tag-ciep","tag-darcy-ribeiro"],"acf":[],"_links":{"self":[{"href":"https:\/\/pdt-rj.org.br\/index.php\/wp-json\/wp\/v2\/posts\/56091","targetHints":{"allow":["GET"]}}],"collection":[{"href":"https:\/\/pdt-rj.org.br\/index.php\/wp-json\/wp\/v2\/posts"}],"about":[{"href":"https:\/\/pdt-rj.org.br\/index.php\/wp-json\/wp\/v2\/types\/post"}],"author":[{"embeddable":true,"href":"https:\/\/pdt-rj.org.br\/index.php\/wp-json\/wp\/v2\/users\/17"}],"replies":[{"embeddable":true,"href":"https:\/\/pdt-rj.org.br\/index.php\/wp-json\/wp\/v2\/comments?post=56091"}],"version-history":[{"count":3,"href":"https:\/\/pdt-rj.org.br\/index.php\/wp-json\/wp\/v2\/posts\/56091\/revisions"}],"predecessor-version":[{"id":57717,"href":"https:\/\/pdt-rj.org.br\/index.php\/wp-json\/wp\/v2\/posts\/56091\/revisions\/57717"}],"wp:featuredmedia":[{"embeddable":true,"href":"https:\/\/pdt-rj.org.br\/index.php\/wp-json\/wp\/v2\/media\/56092"}],"wp:attachment":[{"href":"https:\/\/pdt-rj.org.br\/index.php\/wp-json\/wp\/v2\/media?parent=56091"}],"wp:term":[{"taxonomy":"category","embeddable":true,"href":"https:\/\/pdt-rj.org.br\/index.php\/wp-json\/wp\/v2\/categories?post=56091"},{"taxonomy":"post_tag","embeddable":true,"href":"https:\/\/pdt-rj.org.br\/index.php\/wp-json\/wp\/v2\/tags?post=56091"}],"curies":[{"name":"wp","href":"https:\/\/api.w.org\/{rel}","templated":true}]}}