{"id":56078,"date":"2017-10-25T19:42:01","date_gmt":"2017-10-25T21:42:01","guid":{"rendered":"http:\/\/pdt-rj.org.br\/?p=56078"},"modified":"2017-10-26T10:20:43","modified_gmt":"2017-10-26T12:20:43","slug":"nao-perca-o-programa-nacional-do-pdt-nesta-quinta-feira-26","status":"publish","type":"post","link":"https:\/\/pdt-rj.org.br\/index.php\/nao-perca-o-programa-nacional-do-pdt-nesta-quinta-feira-26\/","title":{"rendered":"N\u00e3o perca o Programa Nacional do PDT que ser\u00e1 exibido nesta quinta-feira (26)"},"content":{"rendered":"<p>O Programa Nacional do PDT, que ser\u00e1 exibido nesta quinta-feira (26), em cadeia de r\u00e1dio e TV, est\u00e1 imperd\u00edvel. O presidente nacional do PDT, Carlos Lupi, o presidenci\u00e1vel Ciro Gomes, e a presidente nacional da A\u00e7\u00e3o da Mulher Trabalhista, Miguelina Vecchio, est\u00e3o entre as lideran\u00e7as pedetistas que trar\u00e3o mensagens importantes para todo o Pa\u00eds.<\/p>\n<p><strong>Fique atento para os hor\u00e1rios de exibi\u00e7\u00e3o:<\/strong>\u00a0ser\u00e1 \u00e0s 20h no r\u00e1dio e \u00e0s 20h30, na TV.<\/p>\n<p>E, logo ap\u00f3s o programa, acompanhe uma <strong>live com Ciro Gomes<\/strong>, \u00e0s 20h40, no <a href=\"https:\/\/www.facebook.com\/pdt.org.br\/\">Facebook<\/a> oficial do PDT.<\/p>\n<p>N\u00e3o perca!\u00a0<strong><a href=\"https:\/\/www.facebook.com\/pdt.org.br\/\">Assista, participe e envie suas pergunta!\u00a0<\/a><\/strong><\/p>\n<p>Confira um pouco do que preparamos para voc\u00ea:<\/p>\n<div style=\"width: 640px;\" class=\"wp-video\"><!--[if lt IE 9]><script>document.createElement('video');<\/script><![endif]-->\n<video class=\"wp-video-shortcode\" id=\"video-56078-1\" width=\"640\" height=\"368\" preload=\"metadata\" controls=\"controls\"><source type=\"video\/mp4\" src=\"http:\/\/pdt-rj.org.br\/wp-content\/uploads\/2017\/10\/Chamada-do-Programa-Nacional-do-PDT-26-de-outubro-de-2017.mp4?_=1\" \/><a href=\"http:\/\/pdt-rj.org.br\/wp-content\/uploads\/2017\/10\/Chamada-do-Programa-Nacional-do-PDT-26-de-outubro-de-2017.mp4\">http:\/\/pdt-rj.org.br\/wp-content\/uploads\/2017\/10\/Chamada-do-Programa-Nacional-do-PDT-26-de-outubro-de-2017.mp4<\/a><\/video><\/div>\n<!-- AddThis Advanced Settings generic via filter on the_content --><!-- AddThis Share Buttons generic via filter on the_content -->","protected":false},"excerpt":{"rendered":"<p>O Programa Nacional do PDT, que ser\u00e1 exibido nesta quinta-feira (26), em cadeia de r\u00e1dio e TV, est\u00e1 imperd\u00edvel. O presidente nacional do PDT, Carlos Lupi, o presidenci\u00e1vel Ciro Gomes, e a presidente nacional da A\u00e7\u00e3o da Mulher Trabalhista, Miguelina Vecchio, est\u00e3o entre as lideran\u00e7as pedetistas que trar\u00e3o mensagens importantes para todo o Pa\u00eds. Fique&#8230;<!-- AddThis Advanced Settings generic via filter on wp_trim_excerpt --><!-- AddThis Share Buttons generic via filter on wp_trim_excerpt --><\/p>\n","protected":false},"author":17,"featured_media":56080,"comment_status":"closed","ping_status":"closed","sticky":false,"template":"","format":"standard","meta":{"_monsterinsights_skip_tracking":false,"_monsterinsights_sitenote_active":false,"_monsterinsights_sitenote_note":"","_monsterinsights_sitenote_category":0,"_uf_show_specific_survey":0,"_uf_disable_surveys":false,"footnotes":""},"categories":[975],"tags":[],"class_list":["post-56078","post","type-post","status-publish","format-standard","has-post-thumbnail","hentry","category-manchete"],"acf":[],"_links":{"self":[{"href":"https:\/\/pdt-rj.org.br\/index.php\/wp-json\/wp\/v2\/posts\/56078","targetHints":{"allow":["GET"]}}],"collection":[{"href":"https:\/\/pdt-rj.org.br\/index.php\/wp-json\/wp\/v2\/posts"}],"about":[{"href":"https:\/\/pdt-rj.org.br\/index.php\/wp-json\/wp\/v2\/types\/post"}],"author":[{"embeddable":true,"href":"https:\/\/pdt-rj.org.br\/index.php\/wp-json\/wp\/v2\/users\/17"}],"replies":[{"embeddable":true,"href":"https:\/\/pdt-rj.org.br\/index.php\/wp-json\/wp\/v2\/comments?post=56078"}],"version-history":[{"count":5,"href":"https:\/\/pdt-rj.org.br\/index.php\/wp-json\/wp\/v2\/posts\/56078\/revisions"}],"predecessor-version":[{"id":57714,"href":"https:\/\/pdt-rj.org.br\/index.php\/wp-json\/wp\/v2\/posts\/56078\/revisions\/57714"}],"wp:featuredmedia":[{"embeddable":true,"href":"https:\/\/pdt-rj.org.br\/index.php\/wp-json\/wp\/v2\/media\/56080"}],"wp:attachment":[{"href":"https:\/\/pdt-rj.org.br\/index.php\/wp-json\/wp\/v2\/media?parent=56078"}],"wp:term":[{"taxonomy":"category","embeddable":true,"href":"https:\/\/pdt-rj.org.br\/index.php\/wp-json\/wp\/v2\/categories?post=56078"},{"taxonomy":"post_tag","embeddable":true,"href":"https:\/\/pdt-rj.org.br\/index.php\/wp-json\/wp\/v2\/tags?post=56078"}],"curies":[{"name":"wp","href":"https:\/\/api.w.org\/{rel}","templated":true}]}}