{"id":55757,"date":"2017-10-23T20:50:24","date_gmt":"2017-10-23T22:50:24","guid":{"rendered":"http:\/\/pdt-rj.org.br\/?p=55757"},"modified":"2017-10-30T16:07:09","modified_gmt":"2017-10-30T18:07:09","slug":"ciro-gomes-o-candidato-da-hora-nao-podemos-errar","status":"publish","type":"post","link":"https:\/\/pdt-rj.org.br\/index.php\/ciro-gomes-o-candidato-da-hora-nao-podemos-errar\/","title":{"rendered":"Ciro Gomes: o candidato da hora. N\u00e3o podemos errar!"},"content":{"rendered":"<p>Assim como, em 1989, Leonel Brizola era o candidato da hora, Ciro Gomes, em 2018, \u00e9 o candidato da hora. Nos dois momentos, 38 anos depois, a hist\u00f3ria acontece como se fosse o adequado momento do \u201cesp\u00edrito da \u00e9poca\u201d, \u201cesp\u00edrito do tempo\u201d ou mesmo um sinal dos tempos, o Zeitgeist, como definiu Hegel em sua filosofia da hist\u00f3ria, ao se referir ao conjunto de valores, h\u00e1bitos e cren\u00e7as pol\u00edtico e intelectual de um determinado per\u00edodo hist\u00f3rico.<\/p>\n<p>Ciro Gomes est\u00e1 para o ano de 2018 assim como Brizola estava para 1989. O esp\u00edrito do tempo, em 1989, se adequava ao momento pol\u00edticos de Brizola. Se n\u00e3o fosse a concentra\u00e7\u00e3o de interesses antag\u00f4nicos ao l\u00edder trabalhista, ele seria o primeiro presidente eleito depois de 21 anos de regime militar e o Brasil, com certeza, seria outro, bem distante do que resultou hoje. O alastramento da viol\u00eancia e a constru\u00e7\u00e3o de pres\u00eddios, no lugar de espalhar educa\u00e7\u00e3o e escolas pelo Pa\u00eds, levaram o medo e a barb\u00e1rie que vive a popula\u00e7\u00e3o brasileira hoje.<\/p>\n<p>O que Brizola dizia em seu tempo, Ciro o faz hoje. Retoma o discurso, segundo o qual a popula\u00e7\u00e3o n\u00e3o aceita mais que o Estado brasileiro continue sangrando 45% do resultado de seu trabalho para os interesses internacionais e n\u00e3o forne\u00e7a \u00e0 sociedade um m\u00ednimo de cidadania, como sa\u00fade, educa\u00e7\u00e3o, seguran\u00e7a e saneamento b\u00e1sico.<\/p>\n<p>Como Brizola em 1989 e, ao longo de sua vida, Ciro \u00e9 o \u00fanico presidenci\u00e1vel que encara esse modelo in\u00edquo e explica como estancar a sangria dos trilh\u00f5es que o governador Brizola chamava das \u201cperdas internacionais\u201d, e o governador Ciro chama de extors\u00e3o dos juros da d\u00edvida externa que aumenta ao inv\u00e9s de diminuir. O tema e seu conte\u00fado s\u00e3o os mesmos. O mundo mudou, o Pa\u00eds mudou, mas o dilema estrutural do Brasil persiste.<\/p>\n<p>O Pa\u00eds vive hoje um momento muito tenso, polarizado e cheio de testosterona. Depois de mais de uma d\u00e9cada de governos petistas, o fio da hist\u00f3ria trabalhista \u00e9 retomado para debater o que n\u00e3o se v\u00ea, mas \u00e9 real: o nacionalismo brasileiro. Nesse longo per\u00edodo, nenhum desses presidentes encarou a formula\u00e7\u00e3o de um projeto de governo capaz de tirar a na\u00e7\u00e3o brasileira da situa\u00e7\u00e3o de pa\u00eds como um \u201cprotetorado\u201d do capital internacional, particularmente do capitalismo especulativo rentista.<\/p>\n<p>Diga-se que, neste per\u00edodo, o capital financeiro nunca ganhou tanto dinheiro. Simplesmente ganharam mais de R$ 1 trilh\u00e3o, enquanto a nossa d\u00edvida cresceu ainda mais. Nenhum questionamento estrutural das finan\u00e7as p\u00fablicas foi levantado. Esses governos se acomodaram no luxo do capitalismo internacional, enquanto sobravam algumas migalhas para a popula\u00e7\u00e3o pobre brasileira, que funcionam como pol\u00edticas compensat\u00f3rias da desigualdade de distribui\u00e7\u00e3o da riqueza com as bolsas sociais representando o mirrado percentual do or\u00e7amento da Uni\u00e3o.<\/p>\n<p>O eleitor atual est\u00e1 mais informado e clama por solu\u00e7\u00f5es estruturais para o Pa\u00eds. N\u00e3o \u00e9 mais poss\u00edvel suportar que apenas seis fam\u00edlias brasileiras detenham 80% da riqueza nacional e pague apenas 4% de imposto sobre fortunas, quando nos EUA, as fam\u00edlias milion\u00e1rias pagam 40 %. O pa\u00eds n\u00e3o pode continuar sangrando sua riqueza para pagar o sustento de um modelo de consumo que vive \u00e0 custa da exporta\u00e7\u00e3o de produtos agr\u00edcolas e min\u00e9rios e importa manufaturados para uma pequena camada da popula\u00e7\u00e3o.<\/p>\n<p>Desde o tempo de Brizola, essa situa\u00e7\u00e3o de col\u00f4nia vem sendo denunciado e, hoje, retomado pelo candidato Ciro Gomes. Ali\u00e1s, o \u00fanico candidato que fala e denuncia este modelo de lesa p\u00e1tria.<\/p>\n<p>Ciro, como Brizola, vem se tornando alvo de difama\u00e7\u00e3o dos grandes grupos de interesses financeiros que controlam essa estrutura viciada da pol\u00edtica brasileira. Tentam distorcer suas palavras porque n\u00e3o tem motivos concretos para difam\u00e1-los, como a corrup\u00e7\u00e3o ou outro mal feito na gest\u00e3o p\u00fablica quando foram deputados, prefeitos e governadores.\u00a0 Nunca responderam processo por malversa\u00e7\u00e3o do dinheiro p\u00fablico. Nem para serem absolvidos.\u00a0 Ali\u00e1s, como \u00e9 a obriga\u00e7\u00e3o de todo homem p\u00fablico, como costuma dizer a l\u00edngua afiada de Ciro. Tanto um como outro nunca foram donos ou s\u00f3cios de ind\u00fastrias ou empresas de comunica\u00e7\u00e3o de controle da opini\u00e3o p\u00fablica.<\/p>\n<p>Entretanto, os momentos s\u00e3o historicamente diferentes.<\/p>\n<p>O mundo mudou e o Brasil mudou mais ainda. A pol\u00edtica enfrenta novos desafios com a tecnologia da informa\u00e7\u00e3o como uma ferramenta de uso amplo e democr\u00e1tico por todas as pessoas. Embora prevale\u00e7a aquilo que Umberto Eco chamou de \u201cvaz\u00e3o da voz dos imbecis\u201d. De qualquer forma, esta \u00e9 uma realidade que Brizola n\u00e3o viveu. Mas Ciro est\u00e1 usando de maneira inteligente as redes sociais para se comunicar onde muitos jovens, espontaneamente, criam sites para difundir seu pensamento. Esta em sido a maior arma de Ciro: comunica\u00e7\u00e3o fora do monop\u00f3lio das grandes m\u00eddias. Isto far\u00e1 uma enorme diferen\u00e7a. Porque esse m\u00e9todo Ciro est\u00e1 fazendo bom e fecundo uso de seu potencial que \u00e9 sua \u00e9tica discursiva e argumentativa.<\/p>\n<p>Ciro, como Brizola, \u00e9 o \u00fanico com a ousadia dos estadistas em apontar a quest\u00e3o fundamental e n\u00e3o apenas abordar temas superficiais da conviv\u00eancia rotineira das pessoas. Ciro segue no lastro trabalhista e adota a linguagem como sua arma principal de convencimento.<\/p>\n<p>Ciro quando fala, interpela, argumenta e explica. Escapa da superficialidade do discurso vazio e gen\u00e9rico. O povo quer e clama por entendimento do que est\u00e1 acontecendo para acolher e escolher respostas estruturais para os nossos problemas.<\/p>\n<p>Entretanto, \u00e9 preciso estar alerta, porque o sistema pol\u00edtico \u00e9 bruto. Prevalece a selvageria da mentira e da cal\u00fania. Hoje, ocorre um vale-tudo para destruir reputa\u00e7\u00f5es e hist\u00f3ria de realiza\u00e7\u00f5es. Os advers\u00e1rios sempre usar\u00e3o a arma da ignor\u00e2ncia e a aus\u00eancia da sensatez. Mas Ciro, hoje, sabe que n\u00e3o d\u00e1 para reclamar da pol\u00edtica porque seria o mesmo que, como dizia Churchill, o marinheiro reclamar do mar.<\/p>\n<p>Estamos diante da perspectiva que se abre para o grande momento em que se encontrar\u00e3o o homem pol\u00edtico Ciro Gomes e o esp\u00edrito do seu tempo. O desafio \u00e9 sua capacidade de discernimento para evitar provoca\u00e7\u00f5es rasteiras, que prejudiquem sua ascens\u00e3o para realizar as mudan\u00e7as estruturais que o Pa\u00eds, desesperadamente, busca, em candidatos que tenham experi\u00eancia administrativa e autoridade moral para faz\u00ea-las.<\/p>\n<p>Como Brizola, Ciro Gomes tem autoridade moral para realizar este destino.<\/p>\n<p>&nbsp;<\/p>\n<p><em><strong>*Carlos Michiles \u00e9 Ph.D em Ci\u00eancias Pol\u00edticas pela Universidade de Manchester,na Inglaterra, e fundador do PDT.<\/strong><\/em><\/p>\n<!-- AddThis Advanced Settings generic via filter on the_content --><!-- AddThis Share Buttons generic via filter on the_content -->","protected":false},"excerpt":{"rendered":"<p>Assim como, em 1989, Leonel Brizola era o candidato da hora, Ciro Gomes, em 2018, \u00e9 o candidato da hora. Nos dois momentos, 38 anos depois, a hist\u00f3ria acontece como se fosse o adequado momento do \u201cesp\u00edrito da \u00e9poca\u201d, \u201cesp\u00edrito do tempo\u201d ou mesmo um sinal dos tempos, o Zeitgeist, como definiu Hegel em sua&#8230;<!-- AddThis Advanced Settings generic via filter on wp_trim_excerpt --><!-- AddThis Share Buttons generic via filter on wp_trim_excerpt --><\/p>\n","protected":false},"author":17,"featured_media":55758,"comment_status":"closed","ping_status":"closed","sticky":false,"template":"","format":"standard","meta":{"_monsterinsights_skip_tracking":false,"_monsterinsights_sitenote_active":false,"_monsterinsights_sitenote_note":"","_monsterinsights_sitenote_category":0,"_uf_show_specific_survey":0,"_uf_disable_surveys":false,"footnotes":""},"categories":[1584,1390],"tags":[220,565,2680],"class_list":["post-55757","post","type-post","status-publish","format-standard","has-post-thumbnail","hentry","category-artigos","category-editorias","tag-ciro-gomes","tag-leonel-brizola","tag-zeitgeist"],"acf":[],"_links":{"self":[{"href":"https:\/\/pdt-rj.org.br\/index.php\/wp-json\/wp\/v2\/posts\/55757","targetHints":{"allow":["GET"]}}],"collection":[{"href":"https:\/\/pdt-rj.org.br\/index.php\/wp-json\/wp\/v2\/posts"}],"about":[{"href":"https:\/\/pdt-rj.org.br\/index.php\/wp-json\/wp\/v2\/types\/post"}],"author":[{"embeddable":true,"href":"https:\/\/pdt-rj.org.br\/index.php\/wp-json\/wp\/v2\/users\/17"}],"replies":[{"embeddable":true,"href":"https:\/\/pdt-rj.org.br\/index.php\/wp-json\/wp\/v2\/comments?post=55757"}],"version-history":[{"count":5,"href":"https:\/\/pdt-rj.org.br\/index.php\/wp-json\/wp\/v2\/posts\/55757\/revisions"}],"predecessor-version":[{"id":57743,"href":"https:\/\/pdt-rj.org.br\/index.php\/wp-json\/wp\/v2\/posts\/55757\/revisions\/57743"}],"wp:featuredmedia":[{"embeddable":true,"href":"https:\/\/pdt-rj.org.br\/index.php\/wp-json\/wp\/v2\/media\/55758"}],"wp:attachment":[{"href":"https:\/\/pdt-rj.org.br\/index.php\/wp-json\/wp\/v2\/media?parent=55757"}],"wp:term":[{"taxonomy":"category","embeddable":true,"href":"https:\/\/pdt-rj.org.br\/index.php\/wp-json\/wp\/v2\/categories?post=55757"},{"taxonomy":"post_tag","embeddable":true,"href":"https:\/\/pdt-rj.org.br\/index.php\/wp-json\/wp\/v2\/tags?post=55757"}],"curies":[{"name":"wp","href":"https:\/\/api.w.org\/{rel}","templated":true}]}}